{"id":1,"date":"2016-01-29T16:20:50","date_gmt":"2016-01-29T15:20:50","guid":{"rendered":"http:\/\/no-made.net\/?p=1"},"modified":"2016-02-09T12:44:09","modified_gmt":"2016-02-09T11:44:09","slug":"bonjour-tout-le-monde","status":"publish","type":"post","link":"https:\/\/no-made.net\/index.php\/bonjour-tout-le-monde\/","title":{"rendered":"2016"},"content":{"rendered":"<p style=\"text-align: center;\">L&rsquo;ann\u00e9e s&rsquo;ouvre \u00e0 l&rsquo;Universit\u00e9 de Nice Sophia Antipolis<\/p>\n<p style=\"text-align: center;\">par \u00a0une exposition \u00e0 la <span style=\"color: #333399;\"><a style=\"color: #333399;\" href=\"http:\/\/unice.fr\/staps\/presentation\/\">Facult\u00e9 des SCIENCES DU SPORT (STAPS)<\/a><\/span><\/p>\n<p style=\"text-align: center;\"><img data-recalc-dims=\"1\" loading=\"lazy\" decoding=\"async\" data-attachment-id=\"67\" data-permalink=\"https:\/\/no-made.net\/index.php\/bonjour-tout-le-monde\/affiches-33-good\/\" data-orig-file=\"https:\/\/i0.wp.com\/no-made.net\/wp-content\/uploads\/2016\/02\/affiches-33-good.jpg?fit=551%2C800&amp;ssl=1\" data-orig-size=\"551,800\" data-comments-opened=\"0\" data-image-meta=\"{&quot;aperture&quot;:&quot;0&quot;,&quot;credit&quot;:&quot;&quot;,&quot;camera&quot;:&quot;&quot;,&quot;caption&quot;:&quot;&quot;,&quot;created_timestamp&quot;:&quot;0&quot;,&quot;copyright&quot;:&quot;&quot;,&quot;focal_length&quot;:&quot;0&quot;,&quot;iso&quot;:&quot;0&quot;,&quot;shutter_speed&quot;:&quot;0&quot;,&quot;title&quot;:&quot;&quot;,&quot;orientation&quot;:&quot;0&quot;}\" data-image-title=\"affiches-33-good\" data-image-description=\"\" data-image-caption=\"\" data-large-file=\"https:\/\/i0.wp.com\/no-made.net\/wp-content\/uploads\/2016\/02\/affiches-33-good.jpg?fit=551%2C800&amp;ssl=1\" class=\"alignnone size-medium wp-image-67\" src=\"https:\/\/i0.wp.com\/no-made.net\/wp-content\/uploads\/2016\/02\/affiches-33-good.jpg?resize=207%2C300&#038;ssl=1\" alt=\"affiches-33-good\" width=\"207\" height=\"300\" srcset=\"https:\/\/i0.wp.com\/no-made.net\/wp-content\/uploads\/2016\/02\/affiches-33-good.jpg?resize=207%2C300&amp;ssl=1 207w, https:\/\/i0.wp.com\/no-made.net\/wp-content\/uploads\/2016\/02\/affiches-33-good.jpg?resize=103%2C150&amp;ssl=1 103w, https:\/\/i0.wp.com\/no-made.net\/wp-content\/uploads\/2016\/02\/affiches-33-good.jpg?w=551&amp;ssl=1 551w\" sizes=\"auto, (max-width: 207px) 100vw, 207px\" \/><\/p>\n<p style=\"text-align: center;\"><span style=\"color: #333399;\"><strong><a style=\"color: #333399;\" href=\"https:\/\/no-made.net\/index.php\/staps\/\">L&rsquo;immobilit\u00e9 dans le mouvement<\/a><\/strong><\/span><\/p>\n","protected":false},"excerpt":{"rendered":"<p>L&rsquo;ann\u00e9e s&rsquo;ouvre \u00e0 l&rsquo;Universit\u00e9 de Nice Sophia Antipolis par \u00a0une exposition \u00e0 la Facult\u00e9 des SCIENCES DU SPORT (STAPS) L&rsquo;immobilit\u00e9 dans le mouvement<\/p>\n","protected":false},"author":1,"featured_media":64,"comment_status":"open","ping_status":"open","sticky":false,"template":"","format":"standard","meta":{"jetpack_post_was_ever_published":false,"_jetpack_newsletter_access":"","_jetpack_dont_email_post_to_subs":false,"_jetpack_newsletter_tier_id":0,"_jetpack_memberships_contains_paywalled_content":false,"_jetpack_memberships_contains_paid_content":false,"footnotes":"","jetpack_publicize_message":"","jetpack_publicize_feature_enabled":true,"jetpack_social_post_already_shared":false,"jetpack_social_options":{"image_generator_settings":{"template":"highway","default_image_id":0,"font":"","enabled":false},"version":2}},"categories":[1],"tags":[],"class_list":["post-1","post","type-post","status-publish","format-standard","has-post-thumbnail","hentry","category-non-classe"],"jetpack_publicize_connections":[],"jetpack_featured_media_url":"https:\/\/i0.wp.com\/no-made.net\/wp-content\/uploads\/2016\/02\/logono-made-2016-e1454601327387.jpg?fit=266%2C116&ssl=1","jetpack_sharing_enabled":true,"jetpack_shortlink":"https:\/\/wp.me\/p7iEVt-1","jetpack-related-posts":[{"id":456,"url":"https:\/\/no-made.net\/index.php\/le-grand-livre\/","url_meta":{"origin":1,"position":0},"title":"Le grand livre-update-6","author":"no-made","date":"8 octobre 2017","format":false,"excerpt":"Le samedi 17 f\u00e9vrier \u00e0 15 heures, c'est au tour de la Fnac de Monaco. Le samedi 10 f\u00e9vrier \u00e0 10 heures 30, \u00e0 la biblioth\u00e8que Louis Nuc\u00e9ra pr\u00e9sentation du livre et d'un film de Jean Claude Fraicher. Le mercredi 10 janvier \u00e0 la Librairie Mass\u00e9na \u00e0 19 heures, pr\u00e9sentation\u2026","rel":"","context":"Dans &quot;Non class\u00e9&quot;","block_context":{"text":"Non class\u00e9","link":"https:\/\/no-made.net\/index.php\/category\/non-classe\/"},"img":{"alt_text":"","src":"https:\/\/i0.wp.com\/no-made.net\/wp-content\/uploads\/2018\/02\/livre-bmn-web.jpg?resize=350%2C200","width":350,"height":200,"srcset":"https:\/\/i0.wp.com\/no-made.net\/wp-content\/uploads\/2018\/02\/livre-bmn-web.jpg?resize=350%2C200 1x, https:\/\/i0.wp.com\/no-made.net\/wp-content\/uploads\/2018\/02\/livre-bmn-web.jpg?resize=525%2C300 1.5x, https:\/\/i0.wp.com\/no-made.net\/wp-content\/uploads\/2018\/02\/livre-bmn-web.jpg?resize=700%2C400 2x"},"classes":[]},{"id":441,"url":"https:\/\/no-made.net\/index.php\/un-dimanche-a-larboretum\/","url_meta":{"origin":1,"position":1},"title":"Un dimanche \u00e0 l&rsquo;arbor\u00e9tum","author":"no-made","date":"25 septembre 2017","format":false,"excerpt":"Le dimanche 8 octobre \u00e0 partir de 10H, pour les 30 ans de l'arbor\u00e9tum, petit d\u00e9jeuner bucolique et pr\u00e9sentation du livre r\u00e9trospective des expositions de no-made \u00e0 Roure.","rel":"","context":"Dans &quot;Non class\u00e9&quot;","block_context":{"text":"Non class\u00e9","link":"https:\/\/no-made.net\/index.php\/category\/non-classe\/"},"img":{"alt_text":"","src":"https:\/\/i0.wp.com\/no-made.net\/wp-content\/uploads\/2017\/09\/invitationarbo2017-web.jpg?resize=350%2C200","width":350,"height":200,"srcset":"https:\/\/i0.wp.com\/no-made.net\/wp-content\/uploads\/2017\/09\/invitationarbo2017-web.jpg?resize=350%2C200 1x, https:\/\/i0.wp.com\/no-made.net\/wp-content\/uploads\/2017\/09\/invitationarbo2017-web.jpg?resize=525%2C300 1.5x, https:\/\/i0.wp.com\/no-made.net\/wp-content\/uploads\/2017\/09\/invitationarbo2017-web.jpg?resize=700%2C400 2x"},"classes":[]},{"id":804,"url":"https:\/\/no-made.net\/index.php\/appel-a-projet\/","url_meta":{"origin":1,"position":2},"title":"Appel \u00e0 projet","author":"no-made","date":"4 f\u00e9vrier 2019","format":false,"excerpt":"no-made sort de l'hibernation. L'appel \u00e0 projet pour la Villa Thuret : \u00e9pisode 2, printemps 2019. appel \u00e0 projet Acclimation, G\u00e9ophyte 2019","rel":"","context":"Dans &quot;Non class\u00e9&quot;","block_context":{"text":"Non class\u00e9","link":"https:\/\/no-made.net\/index.php\/category\/non-classe\/"},"img":{"alt_text":"","src":"https:\/\/i0.wp.com\/no-made.net\/wp-content\/uploads\/2019\/02\/thuret-2018-web-300x200.jpg?resize=350%2C200","width":350,"height":200},"classes":[]},{"id":576,"url":"https:\/\/no-made.net\/index.php\/le-printemps-revient\/","url_meta":{"origin":1,"position":3},"title":"Le printemps revient","author":"no-made","date":"22 mai 2018","format":false,"excerpt":"no-made a des acquaintances particuli\u00e8res avec les jardins et le printemps. La chose se confirme avec une exposition au Jardin Thuret \u00e0 Antibes pendant l'\u00e9t\u00e9 : \u00a0 \u00a0 \u00a0 \u00a0 \u00a0 \u00a0 Mais aussi la pr\u00e9paration de l'exposition f\u00e9tiche \u00e0 la Villa Roc Fleuri \u00e0 Cap d' Ail : appel\u2026","rel":"","context":"Dans &quot;Non class\u00e9&quot;","block_context":{"text":"Non class\u00e9","link":"https:\/\/no-made.net\/index.php\/category\/non-classe\/"},"img":{"alt_text":"","src":"https:\/\/i0.wp.com\/no-made.net\/wp-content\/uploads\/2018\/05\/affiche-acclimatation-feuille-bleu-216x300.jpg?resize=350%2C200","width":350,"height":200},"classes":[]},{"id":403,"url":"https:\/\/no-made.net\/index.php\/invitation-a-lexposition-dematerialisation\/","url_meta":{"origin":1,"position":4},"title":"Invitation \u00e0 la d\u00e9mat\u00e9rialisation","author":"no-made","date":"9 ao\u00fbt 2017","format":false,"excerpt":"Cap d'Ail vendredi 8 septembre \u00e0 17h ! \u00a0","rel":"","context":"Dans &quot;Non class\u00e9&quot;","block_context":{"text":"Non class\u00e9","link":"https:\/\/no-made.net\/index.php\/category\/non-classe\/"},"img":{"alt_text":"","src":"https:\/\/i0.wp.com\/no-made.net\/wp-content\/uploads\/2017\/08\/invitCapdAil2017.jpg?resize=350%2C200","width":350,"height":200,"srcset":"https:\/\/i0.wp.com\/no-made.net\/wp-content\/uploads\/2017\/08\/invitCapdAil2017.jpg?resize=350%2C200 1x, https:\/\/i0.wp.com\/no-made.net\/wp-content\/uploads\/2017\/08\/invitCapdAil2017.jpg?resize=525%2C300 1.5x"},"classes":[]},{"id":878,"url":"https:\/\/no-made.net\/index.php\/appel-a-projet-2\/","url_meta":{"origin":1,"position":5},"title":"Appel \u00e0 projet","author":"no-made","date":"13 mai 2019","format":false,"excerpt":"Cap d'Ail Septembre 2019 Une exposition \u00e0 B\u00e2tir","rel":"","context":"Dans &quot;Non class\u00e9&quot;","block_context":{"text":"Non class\u00e9","link":"https:\/\/no-made.net\/index.php\/category\/non-classe\/"},"img":{"alt_text":"","src":"","width":0,"height":0},"classes":[]}],"_links":{"self":[{"href":"https:\/\/no-made.net\/index.php\/wp-json\/wp\/v2\/posts\/1","targetHints":{"allow":["GET"]}}],"collection":[{"href":"https:\/\/no-made.net\/index.php\/wp-json\/wp\/v2\/posts"}],"about":[{"href":"https:\/\/no-made.net\/index.php\/wp-json\/wp\/v2\/types\/post"}],"author":[{"embeddable":true,"href":"https:\/\/no-made.net\/index.php\/wp-json\/wp\/v2\/users\/1"}],"replies":[{"embeddable":true,"href":"https:\/\/no-made.net\/index.php\/wp-json\/wp\/v2\/comments?post=1"}],"version-history":[{"count":18,"href":"https:\/\/no-made.net\/index.php\/wp-json\/wp\/v2\/posts\/1\/revisions"}],"predecessor-version":[{"id":115,"href":"https:\/\/no-made.net\/index.php\/wp-json\/wp\/v2\/posts\/1\/revisions\/115"}],"wp:featuredmedia":[{"embeddable":true,"href":"https:\/\/no-made.net\/index.php\/wp-json\/wp\/v2\/media\/64"}],"wp:attachment":[{"href":"https:\/\/no-made.net\/index.php\/wp-json\/wp\/v2\/media?parent=1"}],"wp:term":[{"taxonomy":"category","embeddable":true,"href":"https:\/\/no-made.net\/index.php\/wp-json\/wp\/v2\/categories?post=1"},{"taxonomy":"post_tag","embeddable":true,"href":"https:\/\/no-made.net\/index.php\/wp-json\/wp\/v2\/tags?post=1"}],"curies":[{"name":"wp","href":"https:\/\/api.w.org\/{rel}","templated":true}]}}