{"id":198,"date":"2016-02-24T13:42:51","date_gmt":"2016-02-24T12:42:51","guid":{"rendered":"http:\/\/no-made.net\/?p=198"},"modified":"2016-02-24T13:45:48","modified_gmt":"2016-02-24T12:45:48","slug":"avant-premiere","status":"publish","type":"post","link":"https:\/\/no-made.net\/index.php\/avant-premiere\/","title":{"rendered":"Avant-premi\u00e8re"},"content":{"rendered":"<p>Une pi\u00e8ce d&rsquo;Olivier Roche en r\u00e9p\u00e9tition g\u00e9n\u00e9rale avant le 1er Mars et le vernissage au Staps \u00e0 12h30.<\/p>\n<p><a href=\"https:\/\/i0.wp.com\/no-made.net\/wp-content\/uploads\/2016\/02\/roche-staps-1.jpg?ssl=1\"><img data-recalc-dims=\"1\" loading=\"lazy\" decoding=\"async\" data-attachment-id=\"199\" data-permalink=\"https:\/\/no-made.net\/index.php\/avant-premiere\/roche-staps-1\/\" data-orig-file=\"https:\/\/i0.wp.com\/no-made.net\/wp-content\/uploads\/2016\/02\/roche-staps-1.jpg?fit=800%2C577&amp;ssl=1\" data-orig-size=\"800,577\" data-comments-opened=\"0\" data-image-meta=\"{&quot;aperture&quot;:&quot;0&quot;,&quot;credit&quot;:&quot;&quot;,&quot;camera&quot;:&quot;&quot;,&quot;caption&quot;:&quot;&quot;,&quot;created_timestamp&quot;:&quot;0&quot;,&quot;copyright&quot;:&quot;&quot;,&quot;focal_length&quot;:&quot;0&quot;,&quot;iso&quot;:&quot;0&quot;,&quot;shutter_speed&quot;:&quot;0&quot;,&quot;title&quot;:&quot;&quot;,&quot;orientation&quot;:&quot;0&quot;}\" data-image-title=\"roche-staps-1\" data-image-description=\"\" data-image-caption=\"\" data-large-file=\"https:\/\/i0.wp.com\/no-made.net\/wp-content\/uploads\/2016\/02\/roche-staps-1.jpg?fit=660%2C476&amp;ssl=1\" class=\"aligncenter wp-image-199 size-medium\" src=\"https:\/\/i0.wp.com\/no-made.net\/wp-content\/uploads\/2016\/02\/roche-staps-1.jpg?resize=300%2C216&#038;ssl=1\" alt=\"roche-staps-1\" width=\"300\" height=\"216\" srcset=\"https:\/\/i0.wp.com\/no-made.net\/wp-content\/uploads\/2016\/02\/roche-staps-1.jpg?resize=300%2C216&amp;ssl=1 300w, https:\/\/i0.wp.com\/no-made.net\/wp-content\/uploads\/2016\/02\/roche-staps-1.jpg?resize=150%2C108&amp;ssl=1 150w, https:\/\/i0.wp.com\/no-made.net\/wp-content\/uploads\/2016\/02\/roche-staps-1.jpg?w=800&amp;ssl=1 800w\" sizes=\"auto, (max-width: 300px) 100vw, 300px\" \/><\/a><\/p>\n","protected":false},"excerpt":{"rendered":"<p>Une pi\u00e8ce d&rsquo;Olivier Roche en r\u00e9p\u00e9tition g\u00e9n\u00e9rale avant le 1er Mars et le vernissage au Staps \u00e0 12h30.<\/p>\n","protected":false},"author":1,"featured_media":0,"comment_status":"closed","ping_status":"closed","sticky":false,"template":"","format":"standard","meta":{"jetpack_post_was_ever_published":false,"_jetpack_newsletter_access":"","_jetpack_dont_email_post_to_subs":false,"_jetpack_newsletter_tier_id":0,"_jetpack_memberships_contains_paywalled_content":false,"_jetpack_memberships_contains_paid_content":false,"footnotes":"","jetpack_publicize_message":"","jetpack_publicize_feature_enabled":true,"jetpack_social_post_already_shared":false,"jetpack_social_options":{"image_generator_settings":{"template":"highway","default_image_id":0,"font":"","enabled":false},"version":2}},"categories":[1],"tags":[],"class_list":["post-198","post","type-post","status-publish","format-standard","hentry","category-non-classe"],"jetpack_publicize_connections":[],"jetpack_featured_media_url":"","jetpack_sharing_enabled":true,"jetpack_shortlink":"https:\/\/wp.me\/p7iEVt-3c","jetpack-related-posts":[{"id":207,"url":"https:\/\/no-made.net\/index.php\/vernissage\/","url_meta":{"origin":198,"position":0},"title":"Vernissage","author":"no-made","date":"3 mars 2016","format":false,"excerpt":"Mardi 1er Mars, vernissage. L'exposition est accessible aux heures d'ouverture du Staps jusqu'\u00e0 fin Mai.","rel":"","context":"Dans &quot;Non class\u00e9&quot;","block_context":{"text":"Non class\u00e9","link":"https:\/\/no-made.net\/index.php\/category\/non-classe\/"},"img":{"alt_text":"vernissage-staps-web","src":"https:\/\/i0.wp.com\/no-made.net\/wp-content\/uploads\/2016\/03\/vernissage-staps-web-300x183.jpg?resize=350%2C200","width":350,"height":200},"classes":[]},{"id":255,"url":"https:\/\/no-made.net\/index.php\/nouvelles-du-staps-2\/","url_meta":{"origin":198,"position":1},"title":"Nouvelles du Staps-2","author":"no-made","date":"5 avril 2016","format":false,"excerpt":"Lors de la rencontre du 29 Mars avec les \u00e9tudiants : \"le corps entre art et sciences\" : danse et r\u00e9flexions. \u00a0Danseurs : Yannick Cartier, Ludovic Balade. \u00a0 Artistes : St\u00e9phanie Lobry, Louis Doll\u00e9, Jean Pierre Joly, Denis Gibelin. \u00a0 \u00a0 \u00a0 \u00a0","rel":"","context":"Dans &quot;Non class\u00e9&quot;","block_context":{"text":"Non class\u00e9","link":"https:\/\/no-made.net\/index.php\/category\/non-classe\/"},"img":{"alt_text":"no-made-staps-hiphop2","src":"https:\/\/i0.wp.com\/no-made.net\/wp-content\/uploads\/2016\/04\/no-made-staps-hiphop2-300x225.jpg?resize=350%2C200","width":350,"height":200},"classes":[]},{"id":244,"url":"https:\/\/no-made.net\/index.php\/nouvelles-du-staps\/","url_meta":{"origin":198,"position":2},"title":"Nouvelles du STAPS","author":"no-made","date":"25 mars 2016","format":false,"excerpt":"Enfin une exposition prend de la hauteur : Et un carnet \u00a0de la part de Patrick Demazeau dit MADE : carnet d'humeur \u00a0","rel":"","context":"Dans &quot;Non class\u00e9&quot;","block_context":{"text":"Non class\u00e9","link":"https:\/\/no-made.net\/index.php\/category\/non-classe\/"},"img":{"alt_text":"Gibelin-avion-web","src":"https:\/\/i0.wp.com\/no-made.net\/wp-content\/uploads\/2016\/03\/Gibelin-avion-web-300x170.jpg?resize=350%2C200","width":350,"height":200},"classes":[]},{"id":1,"url":"https:\/\/no-made.net\/index.php\/bonjour-tout-le-monde\/","url_meta":{"origin":198,"position":3},"title":"2016","author":"no-made","date":"29 janvier 2016","format":false,"excerpt":"L'ann\u00e9e s'ouvre \u00e0 l'Universit\u00e9 de Nice Sophia Antipolis par \u00a0une exposition \u00e0 la Facult\u00e9 des SCIENCES DU SPORT (STAPS) L'immobilit\u00e9 dans le mouvement","rel":"","context":"Dans &quot;Non class\u00e9&quot;","block_context":{"text":"Non class\u00e9","link":"https:\/\/no-made.net\/index.php\/category\/non-classe\/"},"img":{"alt_text":"affiches-33-good","src":"https:\/\/i0.wp.com\/no-made.net\/wp-content\/uploads\/2016\/02\/affiches-33-good-207x300.jpg?resize=350%2C200","width":350,"height":200},"classes":[]},{"id":635,"url":"https:\/\/no-made.net\/index.php\/vernissage-2\/","url_meta":{"origin":198,"position":4},"title":"Vernissage","author":"no-made","date":"11 juin 2018","format":false,"excerpt":"Le vernissage de l'exposition \"acclimatation\" a eu lieu dans une ambiance champ\u00eatre. \u00a0 \u00a0 \u00a0 \u00a0 \u00a0 Pour la suite, le site de l'exposition est : ICI","rel":"","context":"Dans &quot;Non class\u00e9&quot;","block_context":{"text":"Non class\u00e9","link":"https:\/\/no-made.net\/index.php\/category\/non-classe\/"},"img":{"alt_text":"","src":"https:\/\/i0.wp.com\/no-made.net\/wp-content\/uploads\/2018\/06\/vernissage-thuret-300x200.jpg?resize=350%2C200","width":350,"height":200},"classes":[]},{"id":788,"url":"https:\/\/no-made.net\/index.php\/vernissage-a-larboretum-de-roure\/","url_meta":{"origin":198,"position":5},"title":"Vernissage \u00e0 l&rsquo;arbor\u00e9tum de Roure","author":"no-made","date":"8 octobre 2018","format":false,"excerpt":"Le dimanche 7 octobre 2018, mauvais temps mais bonne ch\u00e8re.. \u00a0","rel":"","context":"Dans &quot;Non class\u00e9&quot;","block_context":{"text":"Non class\u00e9","link":"https:\/\/no-made.net\/index.php\/category\/non-classe\/"},"img":{"alt_text":"","src":"https:\/\/i0.wp.com\/no-made.net\/wp-content\/uploads\/2018\/10\/nuages-roure-web-300x164.jpg?resize=350%2C200","width":350,"height":200},"classes":[]}],"_links":{"self":[{"href":"https:\/\/no-made.net\/index.php\/wp-json\/wp\/v2\/posts\/198","targetHints":{"allow":["GET"]}}],"collection":[{"href":"https:\/\/no-made.net\/index.php\/wp-json\/wp\/v2\/posts"}],"about":[{"href":"https:\/\/no-made.net\/index.php\/wp-json\/wp\/v2\/types\/post"}],"author":[{"embeddable":true,"href":"https:\/\/no-made.net\/index.php\/wp-json\/wp\/v2\/users\/1"}],"replies":[{"embeddable":true,"href":"https:\/\/no-made.net\/index.php\/wp-json\/wp\/v2\/comments?post=198"}],"version-history":[{"count":3,"href":"https:\/\/no-made.net\/index.php\/wp-json\/wp\/v2\/posts\/198\/revisions"}],"predecessor-version":[{"id":203,"href":"https:\/\/no-made.net\/index.php\/wp-json\/wp\/v2\/posts\/198\/revisions\/203"}],"wp:attachment":[{"href":"https:\/\/no-made.net\/index.php\/wp-json\/wp\/v2\/media?parent=198"}],"wp:term":[{"taxonomy":"category","embeddable":true,"href":"https:\/\/no-made.net\/index.php\/wp-json\/wp\/v2\/categories?post=198"},{"taxonomy":"post_tag","embeddable":true,"href":"https:\/\/no-made.net\/index.php\/wp-json\/wp\/v2\/tags?post=198"}],"curies":[{"name":"wp","href":"https:\/\/api.w.org\/{rel}","templated":true}]}}