{"id":207,"date":"2016-03-03T17:45:42","date_gmt":"2016-03-03T16:45:42","guid":{"rendered":"http:\/\/no-made.net\/?p=207"},"modified":"2016-03-07T22:04:24","modified_gmt":"2016-03-07T21:04:24","slug":"vernissage","status":"publish","type":"post","link":"https:\/\/no-made.net\/index.php\/vernissage\/","title":{"rendered":"Vernissage"},"content":{"rendered":"<p>Mardi 1er Mars, vernissage. L&rsquo;exposition est accessible aux heures d&rsquo;ouverture du Staps jusqu&rsquo;\u00e0 fin Mai.<\/p>\n<p><a href=\"https:\/\/no-made.net\/index.php\/staps\/lexposition\/\"><img data-recalc-dims=\"1\" loading=\"lazy\" decoding=\"async\" data-attachment-id=\"206\" data-permalink=\"https:\/\/no-made.net\/index.php\/vernissage\/vernissage-staps-web\/\" data-orig-file=\"https:\/\/i0.wp.com\/no-made.net\/wp-content\/uploads\/2016\/03\/vernissage-staps-web.jpg?fit=800%2C489&amp;ssl=1\" data-orig-size=\"800,489\" data-comments-opened=\"0\" data-image-meta=\"{&quot;aperture&quot;:&quot;0&quot;,&quot;credit&quot;:&quot;&quot;,&quot;camera&quot;:&quot;&quot;,&quot;caption&quot;:&quot;&quot;,&quot;created_timestamp&quot;:&quot;0&quot;,&quot;copyright&quot;:&quot;&quot;,&quot;focal_length&quot;:&quot;0&quot;,&quot;iso&quot;:&quot;0&quot;,&quot;shutter_speed&quot;:&quot;0&quot;,&quot;title&quot;:&quot;&quot;,&quot;orientation&quot;:&quot;1&quot;}\" data-image-title=\"vernissage-staps-web\" data-image-description=\"\" data-image-caption=\"\" data-large-file=\"https:\/\/i0.wp.com\/no-made.net\/wp-content\/uploads\/2016\/03\/vernissage-staps-web.jpg?fit=660%2C403&amp;ssl=1\" class=\"aligncenter wp-image-206 size-medium\" src=\"https:\/\/i0.wp.com\/no-made.net\/wp-content\/uploads\/2016\/03\/vernissage-staps-web.jpg?resize=300%2C183&#038;ssl=1\" alt=\"vernissage-staps-web\" width=\"300\" height=\"183\" srcset=\"https:\/\/i0.wp.com\/no-made.net\/wp-content\/uploads\/2016\/03\/vernissage-staps-web.jpg?resize=300%2C183&amp;ssl=1 300w, https:\/\/i0.wp.com\/no-made.net\/wp-content\/uploads\/2016\/03\/vernissage-staps-web.jpg?resize=150%2C92&amp;ssl=1 150w, https:\/\/i0.wp.com\/no-made.net\/wp-content\/uploads\/2016\/03\/vernissage-staps-web.jpg?w=800&amp;ssl=1 800w\" sizes=\"auto, (max-width: 300px) 100vw, 300px\" \/><\/a><\/p>\n","protected":false},"excerpt":{"rendered":"<p>Mardi 1er Mars, vernissage. L&rsquo;exposition est accessible aux heures d&rsquo;ouverture du Staps jusqu&rsquo;\u00e0 fin Mai.<\/p>\n","protected":false},"author":1,"featured_media":0,"comment_status":"closed","ping_status":"closed","sticky":false,"template":"","format":"standard","meta":{"jetpack_post_was_ever_published":false,"_jetpack_newsletter_access":"","_jetpack_dont_email_post_to_subs":false,"_jetpack_newsletter_tier_id":0,"_jetpack_memberships_contains_paywalled_content":false,"_jetpack_memberships_contains_paid_content":false,"footnotes":"","jetpack_publicize_message":"","jetpack_publicize_feature_enabled":true,"jetpack_social_post_already_shared":false,"jetpack_social_options":{"image_generator_settings":{"template":"highway","default_image_id":0,"font":"","enabled":false},"version":2}},"categories":[1],"tags":[],"class_list":["post-207","post","type-post","status-publish","format-standard","hentry","category-non-classe"],"jetpack_publicize_connections":[],"jetpack_featured_media_url":"","jetpack_sharing_enabled":true,"jetpack_shortlink":"https:\/\/wp.me\/p7iEVt-3l","jetpack-related-posts":[{"id":198,"url":"https:\/\/no-made.net\/index.php\/avant-premiere\/","url_meta":{"origin":207,"position":0},"title":"Avant-premi\u00e8re","author":"no-made","date":"24 f\u00e9vrier 2016","format":false,"excerpt":"Une pi\u00e8ce d'Olivier Roche en r\u00e9p\u00e9tition g\u00e9n\u00e9rale avant le 1er Mars et le vernissage au Staps \u00e0 12h30.","rel":"","context":"Dans &quot;Non class\u00e9&quot;","block_context":{"text":"Non class\u00e9","link":"https:\/\/no-made.net\/index.php\/category\/non-classe\/"},"img":{"alt_text":"roche-staps-1","src":"https:\/\/i0.wp.com\/no-made.net\/wp-content\/uploads\/2016\/02\/roche-staps-1-300x216.jpg?resize=350%2C200","width":350,"height":200},"classes":[]},{"id":635,"url":"https:\/\/no-made.net\/index.php\/vernissage-2\/","url_meta":{"origin":207,"position":1},"title":"Vernissage","author":"no-made","date":"11 juin 2018","format":false,"excerpt":"Le vernissage de l'exposition \"acclimatation\" a eu lieu dans une ambiance champ\u00eatre. \u00a0 \u00a0 \u00a0 \u00a0 \u00a0 Pour la suite, le site de l'exposition est : ICI","rel":"","context":"Dans &quot;Non class\u00e9&quot;","block_context":{"text":"Non class\u00e9","link":"https:\/\/no-made.net\/index.php\/category\/non-classe\/"},"img":{"alt_text":"","src":"https:\/\/i0.wp.com\/no-made.net\/wp-content\/uploads\/2018\/06\/vernissage-thuret-300x200.jpg?resize=350%2C200","width":350,"height":200},"classes":[]},{"id":853,"url":"https:\/\/no-made.net\/index.php\/vernissage-au-jardin\/","url_meta":{"origin":207,"position":2},"title":"Vernissage au jardin","author":"no-made","date":"11 avril 2019","format":false,"excerpt":"L'exposition du jardin Thuret \u00e0 Antibes est ouverte. Festival du printemps Visite virtuelle","rel":"","context":"Dans &quot;Non class\u00e9&quot;","block_context":{"text":"Non class\u00e9","link":"https:\/\/no-made.net\/index.php\/category\/non-classe\/"},"img":{"alt_text":"","src":"https:\/\/i0.wp.com\/no-made.net\/wp-content\/uploads\/2019\/04\/IMG_8450-web.jpg?resize=350%2C200&ssl=1","width":350,"height":200,"srcset":"https:\/\/i0.wp.com\/no-made.net\/wp-content\/uploads\/2019\/04\/IMG_8450-web.jpg?resize=350%2C200&ssl=1 1x, https:\/\/i0.wp.com\/no-made.net\/wp-content\/uploads\/2019\/04\/IMG_8450-web.jpg?resize=525%2C300&ssl=1 1.5x"},"classes":[]},{"id":659,"url":"https:\/\/no-made.net\/index.php\/thuret-off\/","url_meta":{"origin":207,"position":3},"title":"Thuret-off","author":"no-made","date":"13 juillet 2018","format":false,"excerpt":"Ambiance recueillie et m\u00e9ditative au cours du vernissage de l'exposition. \u00a0","rel":"","context":"Dans &quot;Non class\u00e9&quot;","block_context":{"text":"Non class\u00e9","link":"https:\/\/no-made.net\/index.php\/category\/non-classe\/"},"img":{"alt_text":"","src":"https:\/\/i0.wp.com\/no-made.net\/wp-content\/uploads\/2018\/07\/MomoP-web.jpg?resize=350%2C200","width":350,"height":200,"srcset":"https:\/\/i0.wp.com\/no-made.net\/wp-content\/uploads\/2018\/07\/MomoP-web.jpg?resize=350%2C200 1x, https:\/\/i0.wp.com\/no-made.net\/wp-content\/uploads\/2018\/07\/MomoP-web.jpg?resize=525%2C300 1.5x"},"classes":[]},{"id":916,"url":"https:\/\/no-made.net\/index.php\/batir-le-vernissage\/","url_meta":{"origin":207,"position":4},"title":"B\u00e2tir-le vernissage.","author":"no-made","date":"13 septembre 2019","format":false,"excerpt":"Tr\u00e8s beau vernissage et les \u00e9changes impromptus de 3 artistes : ICI","rel":"","context":"Dans &quot;Non class\u00e9&quot;","block_context":{"text":"Non class\u00e9","link":"https:\/\/no-made.net\/index.php\/category\/non-classe\/"},"img":{"alt_text":"","src":"https:\/\/i0.wp.com\/no-made.net\/wp-content\/uploads\/2019\/09\/capdail-2019-e1568402783501.jpg?resize=350%2C200&ssl=1","width":350,"height":200,"srcset":"https:\/\/i0.wp.com\/no-made.net\/wp-content\/uploads\/2019\/09\/capdail-2019-e1568402783501.jpg?resize=350%2C200&ssl=1 1x, https:\/\/i0.wp.com\/no-made.net\/wp-content\/uploads\/2019\/09\/capdail-2019-e1568402783501.jpg?resize=525%2C300&ssl=1 1.5x"},"classes":[]},{"id":788,"url":"https:\/\/no-made.net\/index.php\/vernissage-a-larboretum-de-roure\/","url_meta":{"origin":207,"position":5},"title":"Vernissage \u00e0 l&rsquo;arbor\u00e9tum de Roure","author":"no-made","date":"8 octobre 2018","format":false,"excerpt":"Le dimanche 7 octobre 2018, mauvais temps mais bonne ch\u00e8re.. \u00a0","rel":"","context":"Dans &quot;Non class\u00e9&quot;","block_context":{"text":"Non class\u00e9","link":"https:\/\/no-made.net\/index.php\/category\/non-classe\/"},"img":{"alt_text":"","src":"https:\/\/i0.wp.com\/no-made.net\/wp-content\/uploads\/2018\/10\/nuages-roure-web-300x164.jpg?resize=350%2C200","width":350,"height":200},"classes":[]}],"_links":{"self":[{"href":"https:\/\/no-made.net\/index.php\/wp-json\/wp\/v2\/posts\/207","targetHints":{"allow":["GET"]}}],"collection":[{"href":"https:\/\/no-made.net\/index.php\/wp-json\/wp\/v2\/posts"}],"about":[{"href":"https:\/\/no-made.net\/index.php\/wp-json\/wp\/v2\/types\/post"}],"author":[{"embeddable":true,"href":"https:\/\/no-made.net\/index.php\/wp-json\/wp\/v2\/users\/1"}],"replies":[{"embeddable":true,"href":"https:\/\/no-made.net\/index.php\/wp-json\/wp\/v2\/comments?post=207"}],"version-history":[{"count":6,"href":"https:\/\/no-made.net\/index.php\/wp-json\/wp\/v2\/posts\/207\/revisions"}],"predecessor-version":[{"id":234,"href":"https:\/\/no-made.net\/index.php\/wp-json\/wp\/v2\/posts\/207\/revisions\/234"}],"wp:attachment":[{"href":"https:\/\/no-made.net\/index.php\/wp-json\/wp\/v2\/media?parent=207"}],"wp:term":[{"taxonomy":"category","embeddable":true,"href":"https:\/\/no-made.net\/index.php\/wp-json\/wp\/v2\/categories?post=207"},{"taxonomy":"post_tag","embeddable":true,"href":"https:\/\/no-made.net\/index.php\/wp-json\/wp\/v2\/tags?post=207"}],"curies":[{"name":"wp","href":"https:\/\/api.w.org\/{rel}","templated":true}]}}