{"id":244,"date":"2016-03-25T17:37:58","date_gmt":"2016-03-25T16:37:58","guid":{"rendered":"http:\/\/no-made.net\/?p=244"},"modified":"2016-03-25T17:41:39","modified_gmt":"2016-03-25T16:41:39","slug":"nouvelles-du-staps","status":"publish","type":"post","link":"https:\/\/no-made.net\/index.php\/nouvelles-du-staps\/","title":{"rendered":"Nouvelles du STAPS"},"content":{"rendered":"<p>Enfin une exposition prend de la hauteur :<\/p>\n<p><a href=\"https:\/\/i0.wp.com\/no-made.net\/wp-content\/uploads\/2016\/03\/Gibelin-avion-web.jpg?ssl=1\"><img data-recalc-dims=\"1\" loading=\"lazy\" decoding=\"async\" data-attachment-id=\"243\" data-permalink=\"https:\/\/no-made.net\/index.php\/nouvelles-du-staps\/gibelin-avion-web\/\" data-orig-file=\"https:\/\/i0.wp.com\/no-made.net\/wp-content\/uploads\/2016\/03\/Gibelin-avion-web.jpg?fit=800%2C453&amp;ssl=1\" data-orig-size=\"800,453\" data-comments-opened=\"0\" data-image-meta=\"{&quot;aperture&quot;:&quot;0&quot;,&quot;credit&quot;:&quot;&quot;,&quot;camera&quot;:&quot;&quot;,&quot;caption&quot;:&quot;&quot;,&quot;created_timestamp&quot;:&quot;0&quot;,&quot;copyright&quot;:&quot;&quot;,&quot;focal_length&quot;:&quot;0&quot;,&quot;iso&quot;:&quot;0&quot;,&quot;shutter_speed&quot;:&quot;0&quot;,&quot;title&quot;:&quot;&quot;,&quot;orientation&quot;:&quot;0&quot;}\" data-image-title=\"Gibelin-avion-web\" data-image-description=\"\" data-image-caption=\"\" data-large-file=\"https:\/\/i0.wp.com\/no-made.net\/wp-content\/uploads\/2016\/03\/Gibelin-avion-web.jpg?fit=660%2C374&amp;ssl=1\" class=\"aligncenter wp-image-243 size-medium\" src=\"https:\/\/i0.wp.com\/no-made.net\/wp-content\/uploads\/2016\/03\/Gibelin-avion-web.jpg?resize=300%2C170&#038;ssl=1\" alt=\"Gibelin-avion-web\" width=\"300\" height=\"170\" srcset=\"https:\/\/i0.wp.com\/no-made.net\/wp-content\/uploads\/2016\/03\/Gibelin-avion-web.jpg?resize=300%2C170&amp;ssl=1 300w, https:\/\/i0.wp.com\/no-made.net\/wp-content\/uploads\/2016\/03\/Gibelin-avion-web.jpg?resize=150%2C85&amp;ssl=1 150w, https:\/\/i0.wp.com\/no-made.net\/wp-content\/uploads\/2016\/03\/Gibelin-avion-web.jpg?w=800&amp;ssl=1 800w\" sizes=\"auto, (max-width: 300px) 100vw, 300px\" \/><\/a><\/p>\n<p>Et un carnet \u00a0de la part de Patrick Demazeau dit MADE :<\/p>\n<p><span style=\"color: #0000ff;\"><a style=\"color: #0000ff;\" href=\"http:\/\/fr.calameo.com\/read\/00062655794cc76720f67\" target=\"_blank\">carnet d&rsquo;humeur<\/a><\/span><\/p>\n<p>&nbsp;<\/p>\n","protected":false},"excerpt":{"rendered":"<p>Enfin une exposition prend de la hauteur : Et un carnet \u00a0de la part de Patrick Demazeau dit MADE : carnet d&rsquo;humeur &nbsp;<\/p>\n","protected":false},"author":1,"featured_media":0,"comment_status":"closed","ping_status":"closed","sticky":false,"template":"","format":"standard","meta":{"jetpack_post_was_ever_published":false,"_jetpack_newsletter_access":"","_jetpack_dont_email_post_to_subs":false,"_jetpack_newsletter_tier_id":0,"_jetpack_memberships_contains_paywalled_content":false,"_jetpack_memberships_contains_paid_content":false,"footnotes":"","jetpack_publicize_message":"","jetpack_publicize_feature_enabled":true,"jetpack_social_post_already_shared":true,"jetpack_social_options":{"image_generator_settings":{"template":"highway","default_image_id":0,"font":"","enabled":false},"version":2}},"categories":[1],"tags":[],"class_list":["post-244","post","type-post","status-publish","format-standard","hentry","category-non-classe"],"jetpack_publicize_connections":[],"jetpack_featured_media_url":"","jetpack_sharing_enabled":true,"jetpack_shortlink":"https:\/\/wp.me\/p7iEVt-3W","jetpack-related-posts":[{"id":207,"url":"https:\/\/no-made.net\/index.php\/vernissage\/","url_meta":{"origin":244,"position":0},"title":"Vernissage","author":"no-made","date":"3 mars 2016","format":false,"excerpt":"Mardi 1er Mars, vernissage. L'exposition est accessible aux heures d'ouverture du Staps jusqu'\u00e0 fin Mai.","rel":"","context":"Dans &quot;Non class\u00e9&quot;","block_context":{"text":"Non class\u00e9","link":"https:\/\/no-made.net\/index.php\/category\/non-classe\/"},"img":{"alt_text":"vernissage-staps-web","src":"https:\/\/i0.wp.com\/no-made.net\/wp-content\/uploads\/2016\/03\/vernissage-staps-web-300x183.jpg?resize=350%2C200","width":350,"height":200},"classes":[]},{"id":255,"url":"https:\/\/no-made.net\/index.php\/nouvelles-du-staps-2\/","url_meta":{"origin":244,"position":1},"title":"Nouvelles du Staps-2","author":"no-made","date":"5 avril 2016","format":false,"excerpt":"Lors de la rencontre du 29 Mars avec les \u00e9tudiants : \"le corps entre art et sciences\" : danse et r\u00e9flexions. \u00a0Danseurs : Yannick Cartier, Ludovic Balade. \u00a0 Artistes : St\u00e9phanie Lobry, Louis Doll\u00e9, Jean Pierre Joly, Denis Gibelin. \u00a0 \u00a0 \u00a0 \u00a0","rel":"","context":"Dans &quot;Non class\u00e9&quot;","block_context":{"text":"Non class\u00e9","link":"https:\/\/no-made.net\/index.php\/category\/non-classe\/"},"img":{"alt_text":"no-made-staps-hiphop2","src":"https:\/\/i0.wp.com\/no-made.net\/wp-content\/uploads\/2016\/04\/no-made-staps-hiphop2-300x225.jpg?resize=350%2C200","width":350,"height":200},"classes":[]},{"id":1,"url":"https:\/\/no-made.net\/index.php\/bonjour-tout-le-monde\/","url_meta":{"origin":244,"position":2},"title":"2016","author":"no-made","date":"29 janvier 2016","format":false,"excerpt":"L'ann\u00e9e s'ouvre \u00e0 l'Universit\u00e9 de Nice Sophia Antipolis par \u00a0une exposition \u00e0 la Facult\u00e9 des SCIENCES DU SPORT (STAPS) L'immobilit\u00e9 dans le mouvement","rel":"","context":"Dans &quot;Non class\u00e9&quot;","block_context":{"text":"Non class\u00e9","link":"https:\/\/no-made.net\/index.php\/category\/non-classe\/"},"img":{"alt_text":"affiches-33-good","src":"https:\/\/i0.wp.com\/no-made.net\/wp-content\/uploads\/2016\/02\/affiches-33-good-207x300.jpg?resize=350%2C200","width":350,"height":200},"classes":[]},{"id":198,"url":"https:\/\/no-made.net\/index.php\/avant-premiere\/","url_meta":{"origin":244,"position":3},"title":"Avant-premi\u00e8re","author":"no-made","date":"24 f\u00e9vrier 2016","format":false,"excerpt":"Une pi\u00e8ce d'Olivier Roche en r\u00e9p\u00e9tition g\u00e9n\u00e9rale avant le 1er Mars et le vernissage au Staps \u00e0 12h30.","rel":"","context":"Dans &quot;Non class\u00e9&quot;","block_context":{"text":"Non class\u00e9","link":"https:\/\/no-made.net\/index.php\/category\/non-classe\/"},"img":{"alt_text":"roche-staps-1","src":"https:\/\/i0.wp.com\/no-made.net\/wp-content\/uploads\/2016\/02\/roche-staps-1-300x216.jpg?resize=350%2C200","width":350,"height":200},"classes":[]},{"id":383,"url":"https:\/\/no-made.net\/index.php\/dematerialisation\/","url_meta":{"origin":244,"position":4},"title":"D\u00e9mat\u00e9rialisation","author":"no-made","date":"12 mai 2017","format":false,"excerpt":"La prochaine exposition prend forme : Les d\u00e9tails de l'appel se trouvent : \u00a0ICI","rel":"","context":"Dans &quot;Non class\u00e9&quot;","block_context":{"text":"Non class\u00e9","link":"https:\/\/no-made.net\/index.php\/category\/non-classe\/"},"img":{"alt_text":"","src":"https:\/\/i0.wp.com\/no-made.net\/wp-content\/uploads\/2017\/05\/appel-cap-d-ail-2017-222x300.jpg?resize=350%2C200","width":350,"height":200},"classes":[]},{"id":2437,"url":"https:\/\/no-made.net\/index.php\/nouvel-article-monaco-info-larboretum-inaugure-son-exposition-permanente\/","url_meta":{"origin":244,"position":5},"title":"Article Monaco info &#8211; l&rsquo;Arboretum inaugure son exposition permanente &#8211; octobre 2022","author":"no-made","date":"7 octobre 2022","format":false,"excerpt":"Environnement : L'Arboretum Marcel Kroenlein inaugure son exposition permanente; Monaco Info L\u2019arboretum de Roure, un mus\u00e9e v\u00e9g\u00e9tal \u00e0 ciel ouvert - D\u00e9partement des Alpes-Maritimes (departement06.fr)","rel":"","context":"Dans &quot;Non class\u00e9&quot;","block_context":{"text":"Non class\u00e9","link":"https:\/\/no-made.net\/index.php\/category\/non-classe\/"},"img":{"alt_text":"","src":"https:\/\/i0.wp.com\/no-made.net\/wp-content\/uploads\/2022\/10\/Monaco-Info.jpg?resize=350%2C200&ssl=1","width":350,"height":200,"srcset":"https:\/\/i0.wp.com\/no-made.net\/wp-content\/uploads\/2022\/10\/Monaco-Info.jpg?resize=350%2C200&ssl=1 1x, https:\/\/i0.wp.com\/no-made.net\/wp-content\/uploads\/2022\/10\/Monaco-Info.jpg?resize=525%2C300&ssl=1 1.5x, https:\/\/i0.wp.com\/no-made.net\/wp-content\/uploads\/2022\/10\/Monaco-Info.jpg?resize=700%2C400&ssl=1 2x"},"classes":[]}],"_links":{"self":[{"href":"https:\/\/no-made.net\/index.php\/wp-json\/wp\/v2\/posts\/244","targetHints":{"allow":["GET"]}}],"collection":[{"href":"https:\/\/no-made.net\/index.php\/wp-json\/wp\/v2\/posts"}],"about":[{"href":"https:\/\/no-made.net\/index.php\/wp-json\/wp\/v2\/types\/post"}],"author":[{"embeddable":true,"href":"https:\/\/no-made.net\/index.php\/wp-json\/wp\/v2\/users\/1"}],"replies":[{"embeddable":true,"href":"https:\/\/no-made.net\/index.php\/wp-json\/wp\/v2\/comments?post=244"}],"version-history":[{"count":3,"href":"https:\/\/no-made.net\/index.php\/wp-json\/wp\/v2\/posts\/244\/revisions"}],"predecessor-version":[{"id":247,"href":"https:\/\/no-made.net\/index.php\/wp-json\/wp\/v2\/posts\/244\/revisions\/247"}],"wp:attachment":[{"href":"https:\/\/no-made.net\/index.php\/wp-json\/wp\/v2\/media?parent=244"}],"wp:term":[{"taxonomy":"category","embeddable":true,"href":"https:\/\/no-made.net\/index.php\/wp-json\/wp\/v2\/categories?post=244"},{"taxonomy":"post_tag","embeddable":true,"href":"https:\/\/no-made.net\/index.php\/wp-json\/wp\/v2\/tags?post=244"}],"curies":[{"name":"wp","href":"https:\/\/api.w.org\/{rel}","templated":true}]}}