{"id":271,"date":"2016-06-07T14:20:28","date_gmt":"2016-06-07T13:20:28","guid":{"rendered":"http:\/\/no-made.net\/?p=271"},"modified":"2016-06-07T14:24:29","modified_gmt":"2016-06-07T13:24:29","slug":"fin-du-printemps","status":"publish","type":"post","link":"https:\/\/no-made.net\/index.php\/fin-du-printemps\/","title":{"rendered":"Fin du printemps"},"content":{"rendered":"<p>no-made veille&#8230;un peu.<\/p>\n<p><img data-recalc-dims=\"1\" loading=\"lazy\" decoding=\"async\" data-attachment-id=\"269\" data-permalink=\"https:\/\/no-made.net\/index.php\/fin-du-printemps\/no-made-veille\/\" data-orig-file=\"https:\/\/i0.wp.com\/no-made.net\/wp-content\/uploads\/2016\/06\/no-made-veille-e1465305835840.jpg?fit=640%2C480&amp;ssl=1\" data-orig-size=\"640,480\" data-comments-opened=\"0\" data-image-meta=\"{&quot;aperture&quot;:&quot;0&quot;,&quot;credit&quot;:&quot;&quot;,&quot;camera&quot;:&quot;&quot;,&quot;caption&quot;:&quot;&quot;,&quot;created_timestamp&quot;:&quot;0&quot;,&quot;copyright&quot;:&quot;&quot;,&quot;focal_length&quot;:&quot;0&quot;,&quot;iso&quot;:&quot;0&quot;,&quot;shutter_speed&quot;:&quot;0&quot;,&quot;title&quot;:&quot;&quot;,&quot;orientation&quot;:&quot;0&quot;}\" data-image-title=\"no-made-veille\" data-image-description=\"\" data-image-caption=\"\" data-large-file=\"https:\/\/i0.wp.com\/no-made.net\/wp-content\/uploads\/2016\/06\/no-made-veille-e1465305835840.jpg?fit=640%2C480&amp;ssl=1\" class=\"aligncenter wp-image-269 size-medium\" src=\"https:\/\/i0.wp.com\/no-made.net\/wp-content\/uploads\/2016\/06\/no-made-veille.jpg?resize=300%2C225&#038;ssl=1\" alt=\"no-made-veille\" width=\"300\" height=\"225\" \/><\/p>\n","protected":false},"excerpt":{"rendered":"<p>no-made veille&#8230;un peu.<\/p>\n","protected":false},"author":1,"featured_media":0,"comment_status":"closed","ping_status":"closed","sticky":false,"template":"","format":"standard","meta":{"jetpack_post_was_ever_published":false,"_jetpack_newsletter_access":"","_jetpack_dont_email_post_to_subs":false,"_jetpack_newsletter_tier_id":0,"_jetpack_memberships_contains_paywalled_content":false,"_jetpack_memberships_contains_paid_content":false,"footnotes":"","jetpack_publicize_message":"","jetpack_publicize_feature_enabled":true,"jetpack_social_post_already_shared":true,"jetpack_social_options":{"image_generator_settings":{"template":"highway","default_image_id":0,"font":"","enabled":false},"version":2}},"categories":[1],"tags":[],"class_list":["post-271","post","type-post","status-publish","format-standard","hentry","category-non-classe"],"jetpack_publicize_connections":[],"jetpack_featured_media_url":"","jetpack_sharing_enabled":true,"jetpack_shortlink":"https:\/\/wp.me\/p7iEVt-4n","jetpack-related-posts":[{"id":576,"url":"https:\/\/no-made.net\/index.php\/le-printemps-revient\/","url_meta":{"origin":271,"position":0},"title":"Le printemps revient","author":"no-made","date":"22 mai 2018","format":false,"excerpt":"no-made a des acquaintances particuli\u00e8res avec les jardins et le printemps. La chose se confirme avec une exposition au Jardin Thuret \u00e0 Antibes pendant l'\u00e9t\u00e9 : \u00a0 \u00a0 \u00a0 \u00a0 \u00a0 \u00a0 Mais aussi la pr\u00e9paration de l'exposition f\u00e9tiche \u00e0 la Villa Roc Fleuri \u00e0 Cap d' Ail : appel\u2026","rel":"","context":"Dans &quot;Non class\u00e9&quot;","block_context":{"text":"Non class\u00e9","link":"https:\/\/no-made.net\/index.php\/category\/non-classe\/"},"img":{"alt_text":"","src":"https:\/\/i0.wp.com\/no-made.net\/wp-content\/uploads\/2018\/05\/affiche-acclimatation-feuille-bleu-216x300.jpg?resize=350%2C200","width":350,"height":200},"classes":[]},{"id":804,"url":"https:\/\/no-made.net\/index.php\/appel-a-projet\/","url_meta":{"origin":271,"position":1},"title":"Appel \u00e0 projet","author":"no-made","date":"4 f\u00e9vrier 2019","format":false,"excerpt":"no-made sort de l'hibernation. L'appel \u00e0 projet pour la Villa Thuret : \u00e9pisode 2, printemps 2019. appel \u00e0 projet Acclimation, G\u00e9ophyte 2019","rel":"","context":"Dans &quot;Non class\u00e9&quot;","block_context":{"text":"Non class\u00e9","link":"https:\/\/no-made.net\/index.php\/category\/non-classe\/"},"img":{"alt_text":"","src":"https:\/\/i0.wp.com\/no-made.net\/wp-content\/uploads\/2019\/02\/thuret-2018-web-300x200.jpg?resize=350%2C200","width":350,"height":200},"classes":[]},{"id":853,"url":"https:\/\/no-made.net\/index.php\/vernissage-au-jardin\/","url_meta":{"origin":271,"position":2},"title":"Vernissage au jardin","author":"no-made","date":"11 avril 2019","format":false,"excerpt":"L'exposition du jardin Thuret \u00e0 Antibes est ouverte. Festival du printemps Visite virtuelle","rel":"","context":"Dans &quot;Non class\u00e9&quot;","block_context":{"text":"Non class\u00e9","link":"https:\/\/no-made.net\/index.php\/category\/non-classe\/"},"img":{"alt_text":"","src":"https:\/\/i0.wp.com\/no-made.net\/wp-content\/uploads\/2019\/04\/IMG_8450-web.jpg?resize=350%2C200&ssl=1","width":350,"height":200,"srcset":"https:\/\/i0.wp.com\/no-made.net\/wp-content\/uploads\/2019\/04\/IMG_8450-web.jpg?resize=350%2C200&ssl=1 1x, https:\/\/i0.wp.com\/no-made.net\/wp-content\/uploads\/2019\/04\/IMG_8450-web.jpg?resize=525%2C300&ssl=1 1.5x"},"classes":[]},{"id":238,"url":"https:\/\/no-made.net\/index.php\/rencontre\/","url_meta":{"origin":271,"position":3},"title":"Rencontre","author":"no-made","date":"16 mars 2016","format":false,"excerpt":"Le mardi 29 Mars \u00e0 14h des artistes de l'exposition \"Si le printemps revenait saison III\" rencontrent des professeurs, des chercheurs et les \u00e9tudiants sur le th\u00e8me du corps \u00e0 la biblioth\u00e8que universitaire de la Facult\u00e9 des Sciences du Sport. Vaste programme...ouvert \u00e0 tous. Le programme","rel":"","context":"Dans &quot;Non class\u00e9&quot;","block_context":{"text":"Non class\u00e9","link":"https:\/\/no-made.net\/index.php\/category\/non-classe\/"},"img":{"alt_text":"","src":"","width":0,"height":0},"classes":[]},{"id":207,"url":"https:\/\/no-made.net\/index.php\/vernissage\/","url_meta":{"origin":271,"position":4},"title":"Vernissage","author":"no-made","date":"3 mars 2016","format":false,"excerpt":"Mardi 1er Mars, vernissage. L'exposition est accessible aux heures d'ouverture du Staps jusqu'\u00e0 fin Mai.","rel":"","context":"Dans &quot;Non class\u00e9&quot;","block_context":{"text":"Non class\u00e9","link":"https:\/\/no-made.net\/index.php\/category\/non-classe\/"},"img":{"alt_text":"vernissage-staps-web","src":"https:\/\/i0.wp.com\/no-made.net\/wp-content\/uploads\/2016\/03\/vernissage-staps-web-300x183.jpg?resize=350%2C200","width":350,"height":200},"classes":[]},{"id":1046,"url":"https:\/\/no-made.net\/index.php\/en-approche\/","url_meta":{"origin":271,"position":5},"title":"En approche","author":"no-made","date":"13 mars 2022","format":false,"excerpt":"Arboretum de Roure 2026 <-> le projet \"du\u00a0territoire partag\u00e9\"\u00a0lanc\u00e9 en 2023, continue en 2026 sur le th\u00e8me \u00ab\u00a0on peut r\u00e9fl\u00e9chir encore un peu\u2026\u00a0\u00bb.. Pour en savoir plus ..... cliquez ici ! AUTRES PROJETS : Un prolongement pour exposer \u00ab\u00a0hors les murs\u00a0\u00bb de l\u2019Arboretum au Trans\u2019Art caf\u00e9 \u00e0 Antibes au mois\u2026","rel":"","context":"Dans &quot;Non class\u00e9&quot;","block_context":{"text":"Non class\u00e9","link":"https:\/\/no-made.net\/index.php\/category\/non-classe\/"},"img":{"alt_text":"","src":"https:\/\/i0.wp.com\/no-made.net\/wp-content\/uploads\/2020\/10\/flyer-Arboretum-Roure.jpg?resize=350%2C200&ssl=1","width":350,"height":200,"srcset":"https:\/\/i0.wp.com\/no-made.net\/wp-content\/uploads\/2020\/10\/flyer-Arboretum-Roure.jpg?resize=350%2C200&ssl=1 1x, https:\/\/i0.wp.com\/no-made.net\/wp-content\/uploads\/2020\/10\/flyer-Arboretum-Roure.jpg?resize=525%2C300&ssl=1 1.5x, https:\/\/i0.wp.com\/no-made.net\/wp-content\/uploads\/2020\/10\/flyer-Arboretum-Roure.jpg?resize=700%2C400&ssl=1 2x, https:\/\/i0.wp.com\/no-made.net\/wp-content\/uploads\/2020\/10\/flyer-Arboretum-Roure.jpg?resize=1050%2C600&ssl=1 3x, https:\/\/i0.wp.com\/no-made.net\/wp-content\/uploads\/2020\/10\/flyer-Arboretum-Roure.jpg?resize=1400%2C800&ssl=1 4x"},"classes":[]}],"_links":{"self":[{"href":"https:\/\/no-made.net\/index.php\/wp-json\/wp\/v2\/posts\/271","targetHints":{"allow":["GET"]}}],"collection":[{"href":"https:\/\/no-made.net\/index.php\/wp-json\/wp\/v2\/posts"}],"about":[{"href":"https:\/\/no-made.net\/index.php\/wp-json\/wp\/v2\/types\/post"}],"author":[{"embeddable":true,"href":"https:\/\/no-made.net\/index.php\/wp-json\/wp\/v2\/users\/1"}],"replies":[{"embeddable":true,"href":"https:\/\/no-made.net\/index.php\/wp-json\/wp\/v2\/comments?post=271"}],"version-history":[{"count":2,"href":"https:\/\/no-made.net\/index.php\/wp-json\/wp\/v2\/posts\/271\/revisions"}],"predecessor-version":[{"id":273,"href":"https:\/\/no-made.net\/index.php\/wp-json\/wp\/v2\/posts\/271\/revisions\/273"}],"wp:attachment":[{"href":"https:\/\/no-made.net\/index.php\/wp-json\/wp\/v2\/media?parent=271"}],"wp:term":[{"taxonomy":"category","embeddable":true,"href":"https:\/\/no-made.net\/index.php\/wp-json\/wp\/v2\/categories?post=271"},{"taxonomy":"post_tag","embeddable":true,"href":"https:\/\/no-made.net\/index.php\/wp-json\/wp\/v2\/tags?post=271"}],"curies":[{"name":"wp","href":"https:\/\/api.w.org\/{rel}","templated":true}]}}