{"id":274,"date":"2016-06-14T13:49:50","date_gmt":"2016-06-14T12:49:50","guid":{"rendered":"http:\/\/no-made.net\/?p=274"},"modified":"2016-06-14T13:50:56","modified_gmt":"2016-06-14T12:50:56","slug":"enfin-le-catalogue","status":"publish","type":"post","link":"https:\/\/no-made.net\/index.php\/enfin-le-catalogue\/","title":{"rendered":"Enfin le catalogue !"},"content":{"rendered":"<p>Le catalogue \u00e9dit\u00e9 par Denis Gibelin lui-m\u00eame :<\/p>\n<p><a href=\"https:\/\/fr.calameo.com\/read\/00443189595366a054563\"><span style=\"color: #0000ff;\">ICI<\/span><\/a><\/p>\n","protected":false},"excerpt":{"rendered":"<p>Le catalogue \u00e9dit\u00e9 par Denis Gibelin lui-m\u00eame : ICI<\/p>\n","protected":false},"author":1,"featured_media":0,"comment_status":"closed","ping_status":"closed","sticky":false,"template":"","format":"standard","meta":{"jetpack_post_was_ever_published":false,"_jetpack_newsletter_access":"","_jetpack_dont_email_post_to_subs":false,"_jetpack_newsletter_tier_id":0,"_jetpack_memberships_contains_paywalled_content":false,"_jetpack_memberships_contains_paid_content":false,"footnotes":"","jetpack_publicize_message":"","jetpack_publicize_feature_enabled":true,"jetpack_social_post_already_shared":true,"jetpack_social_options":{"image_generator_settings":{"template":"highway","default_image_id":0,"font":"","enabled":false},"version":2}},"categories":[1],"tags":[],"class_list":["post-274","post","type-post","status-publish","format-standard","hentry","category-non-classe"],"jetpack_publicize_connections":[],"jetpack_featured_media_url":"","jetpack_sharing_enabled":true,"jetpack_shortlink":"https:\/\/wp.me\/p7iEVt-4q","jetpack-related-posts":[{"id":997,"url":"https:\/\/no-made.net\/index.php\/un-vrai-catalogue\/","url_meta":{"origin":274,"position":0},"title":"Un vrai catalogue.","author":"no-made","date":"13 d\u00e9cembre 2019","format":false,"excerpt":"\u00c0 Nice, dimanche 15 D\u00e9cembre de 15h \u00e0 19h, \u00e0 l'Orange Bleue, chez l'artiste ni\u00e7ois Louis Doll\u00e9, 2 rue de Jussieu, il sera possible de feuilleter et surtout acheter le catalogue de l'exposition B\u00e2tir. En attendant, il est visible : ICI","rel":"","context":"Dans &quot;Non class\u00e9&quot;","block_context":{"text":"Non class\u00e9","link":"https:\/\/no-made.net\/index.php\/category\/non-classe\/"},"img":{"alt_text":"","src":"","width":0,"height":0},"classes":[]},{"id":1039,"url":"https:\/\/no-made.net\/index.php\/in-vitro-in-vivo-veritas\/","url_meta":{"origin":274,"position":1},"title":"2020 : In Vitro, In Vivo","author":"no-made","date":"11 mai 2020","format":false,"excerpt":"Les circonstances tr\u00e8s exceptionnelles de l'ann\u00e9e 2020 nous ont conduits \u00e0 reporter l'expo des 20 ans de no-made \u00e0 Cap d'Ail sur le th\u00e8me de \"Chronique\" \u00e0 2021 et \u00e0 proposer en lieu et place, le travail des artistes autour de \"in vitro in vivo\" Une expo tr\u00e8s r\u00e9ussie, des\u2026","rel":"","context":"Dans &quot;Non class\u00e9&quot;","block_context":{"text":"Non class\u00e9","link":"https:\/\/no-made.net\/index.php\/category\/non-classe\/"},"img":{"alt_text":"","src":"https:\/\/i0.wp.com\/no-made.net\/wp-content\/uploads\/2020\/10\/8-1-scaled.jpg?resize=350%2C200","width":350,"height":200,"srcset":"https:\/\/i0.wp.com\/no-made.net\/wp-content\/uploads\/2020\/10\/8-1-scaled.jpg?resize=350%2C200 1x, https:\/\/i0.wp.com\/no-made.net\/wp-content\/uploads\/2020\/10\/8-1-scaled.jpg?resize=525%2C300 1.5x, https:\/\/i0.wp.com\/no-made.net\/wp-content\/uploads\/2020\/10\/8-1-scaled.jpg?resize=700%2C400 2x, https:\/\/i0.wp.com\/no-made.net\/wp-content\/uploads\/2020\/10\/8-1-scaled.jpg?resize=1050%2C600 3x, https:\/\/i0.wp.com\/no-made.net\/wp-content\/uploads\/2020\/10\/8-1-scaled.jpg?resize=1400%2C800 4x"},"classes":[]},{"id":255,"url":"https:\/\/no-made.net\/index.php\/nouvelles-du-staps-2\/","url_meta":{"origin":274,"position":2},"title":"Nouvelles du Staps-2","author":"no-made","date":"5 avril 2016","format":false,"excerpt":"Lors de la rencontre du 29 Mars avec les \u00e9tudiants : \"le corps entre art et sciences\" : danse et r\u00e9flexions. \u00a0Danseurs : Yannick Cartier, Ludovic Balade. \u00a0 Artistes : St\u00e9phanie Lobry, Louis Doll\u00e9, Jean Pierre Joly, Denis Gibelin. \u00a0 \u00a0 \u00a0 \u00a0","rel":"","context":"Dans &quot;Non class\u00e9&quot;","block_context":{"text":"Non class\u00e9","link":"https:\/\/no-made.net\/index.php\/category\/non-classe\/"},"img":{"alt_text":"no-made-staps-hiphop2","src":"https:\/\/i0.wp.com\/no-made.net\/wp-content\/uploads\/2016\/04\/no-made-staps-hiphop2-300x225.jpg?resize=350%2C200","width":350,"height":200},"classes":[]},{"id":244,"url":"https:\/\/no-made.net\/index.php\/nouvelles-du-staps\/","url_meta":{"origin":274,"position":3},"title":"Nouvelles du STAPS","author":"no-made","date":"25 mars 2016","format":false,"excerpt":"Enfin une exposition prend de la hauteur : Et un carnet \u00a0de la part de Patrick Demazeau dit MADE : carnet d'humeur \u00a0","rel":"","context":"Dans &quot;Non class\u00e9&quot;","block_context":{"text":"Non class\u00e9","link":"https:\/\/no-made.net\/index.php\/category\/non-classe\/"},"img":{"alt_text":"Gibelin-avion-web","src":"https:\/\/i0.wp.com\/no-made.net\/wp-content\/uploads\/2016\/03\/Gibelin-avion-web-300x170.jpg?resize=350%2C200","width":350,"height":200},"classes":[]},{"id":967,"url":"https:\/\/no-made.net\/index.php\/dolle-dans-les-arbres\/","url_meta":{"origin":274,"position":4},"title":"Doll\u00e9 dans les arbres.","author":"no-made","date":"23 octobre 2019","format":false,"excerpt":"Les \u00e9rables ont maintenant perdu leurs feuilles, mais Doll\u00e9 est l\u00e0. Et le catalogue de son exposition aussi.","rel":"","context":"Dans &quot;Non class\u00e9&quot;","block_context":{"text":"Non class\u00e9","link":"https:\/\/no-made.net\/index.php\/category\/non-classe\/"},"img":{"alt_text":"","src":"https:\/\/i0.wp.com\/no-made.net\/wp-content\/uploads\/2019\/10\/affiche-Louis-web.jpg?resize=350%2C200&ssl=1","width":350,"height":200,"srcset":"https:\/\/i0.wp.com\/no-made.net\/wp-content\/uploads\/2019\/10\/affiche-Louis-web.jpg?resize=350%2C200&ssl=1 1x, https:\/\/i0.wp.com\/no-made.net\/wp-content\/uploads\/2019\/10\/affiche-Louis-web.jpg?resize=525%2C300&ssl=1 1.5x"},"classes":[]},{"id":601,"url":"https:\/\/no-made.net\/index.php\/acclimatation\/","url_meta":{"origin":274,"position":5},"title":"Acclimatation","author":"no-made","date":"5 juin 2018","format":false,"excerpt":"Nouveau lieu dans l'escarcelle de no-made depuis le samedi 2 juin : le jardin de la villa Thuret \u00e0 Antibes. plan et emplacement des \u0153uvres livret-catalogue des artistes \u00a0","rel":"","context":"Dans &quot;Non class\u00e9&quot;","block_context":{"text":"Non class\u00e9","link":"https:\/\/no-made.net\/index.php\/category\/non-classe\/"},"img":{"alt_text":"","src":"","width":0,"height":0},"classes":[]}],"_links":{"self":[{"href":"https:\/\/no-made.net\/index.php\/wp-json\/wp\/v2\/posts\/274","targetHints":{"allow":["GET"]}}],"collection":[{"href":"https:\/\/no-made.net\/index.php\/wp-json\/wp\/v2\/posts"}],"about":[{"href":"https:\/\/no-made.net\/index.php\/wp-json\/wp\/v2\/types\/post"}],"author":[{"embeddable":true,"href":"https:\/\/no-made.net\/index.php\/wp-json\/wp\/v2\/users\/1"}],"replies":[{"embeddable":true,"href":"https:\/\/no-made.net\/index.php\/wp-json\/wp\/v2\/comments?post=274"}],"version-history":[{"count":2,"href":"https:\/\/no-made.net\/index.php\/wp-json\/wp\/v2\/posts\/274\/revisions"}],"predecessor-version":[{"id":276,"href":"https:\/\/no-made.net\/index.php\/wp-json\/wp\/v2\/posts\/274\/revisions\/276"}],"wp:attachment":[{"href":"https:\/\/no-made.net\/index.php\/wp-json\/wp\/v2\/media?parent=274"}],"wp:term":[{"taxonomy":"category","embeddable":true,"href":"https:\/\/no-made.net\/index.php\/wp-json\/wp\/v2\/categories?post=274"},{"taxonomy":"post_tag","embeddable":true,"href":"https:\/\/no-made.net\/index.php\/wp-json\/wp\/v2\/tags?post=274"}],"curies":[{"name":"wp","href":"https:\/\/api.w.org\/{rel}","templated":true}]}}