{"id":292,"date":"2016-08-18T09:26:31","date_gmt":"2016-08-18T08:26:31","guid":{"rendered":"http:\/\/no-made.net\/?p=292"},"modified":"2016-09-12T17:43:57","modified_gmt":"2016-09-12T16:43:57","slug":"cap-dail-2016","status":"publish","type":"post","link":"https:\/\/no-made.net\/index.php\/cap-dail-2016\/","title":{"rendered":"Cap d&rsquo;Ail 2016"},"content":{"rendered":"<p>Nouvelle \u00e9dition :<a href=\"https:\/\/no-made.net\/index.php\/poursuite-cap-dail-2016\/\" target=\"_blank\"><span style=\"color: #0000ff;\"> <strong>PourSuitE<\/strong><\/span><\/a><\/p>\n<p><a href=\"https:\/\/i0.wp.com\/no-made.net\/wp-content\/uploads\/2016\/08\/invitCap-dAil-2016-.jpg?ssl=1\"><img data-recalc-dims=\"1\" loading=\"lazy\" decoding=\"async\" data-attachment-id=\"284\" data-permalink=\"https:\/\/no-made.net\/index.php\/cap-dail-2016\/invitcap-dail-2016\/\" data-orig-file=\"https:\/\/i0.wp.com\/no-made.net\/wp-content\/uploads\/2016\/08\/invitCap-dAil-2016-.jpg?fit=593%2C426&amp;ssl=1\" data-orig-size=\"593,426\" data-comments-opened=\"0\" data-image-meta=\"{&quot;aperture&quot;:&quot;0&quot;,&quot;credit&quot;:&quot;&quot;,&quot;camera&quot;:&quot;&quot;,&quot;caption&quot;:&quot;&quot;,&quot;created_timestamp&quot;:&quot;0&quot;,&quot;copyright&quot;:&quot;&quot;,&quot;focal_length&quot;:&quot;0&quot;,&quot;iso&quot;:&quot;0&quot;,&quot;shutter_speed&quot;:&quot;0&quot;,&quot;title&quot;:&quot;&quot;,&quot;orientation&quot;:&quot;1&quot;}\" data-image-title=\"invitCap d&amp;rsquo;Ail 2016\" data-image-description=\"\" data-image-caption=\"\" data-large-file=\"https:\/\/i0.wp.com\/no-made.net\/wp-content\/uploads\/2016\/08\/invitCap-dAil-2016-.jpg?fit=593%2C426&amp;ssl=1\" class=\"aligncenter wp-image-284 size-medium\" src=\"https:\/\/i0.wp.com\/no-made.net\/wp-content\/uploads\/2016\/08\/invitCap-dAil-2016-.jpg?resize=300%2C216&#038;ssl=1\" alt=\"invitCap d'Ail 2016\" width=\"300\" height=\"216\" srcset=\"https:\/\/i0.wp.com\/no-made.net\/wp-content\/uploads\/2016\/08\/invitCap-dAil-2016-.jpg?resize=300%2C216&amp;ssl=1 300w, https:\/\/i0.wp.com\/no-made.net\/wp-content\/uploads\/2016\/08\/invitCap-dAil-2016-.jpg?resize=150%2C108&amp;ssl=1 150w, https:\/\/i0.wp.com\/no-made.net\/wp-content\/uploads\/2016\/08\/invitCap-dAil-2016-.jpg?w=593&amp;ssl=1 593w\" sizes=\"auto, (max-width: 300px) 100vw, 300px\" \/><\/a><\/p>\n","protected":false},"excerpt":{"rendered":"<p>Nouvelle \u00e9dition : PourSuitE<\/p>\n","protected":false},"author":1,"featured_media":0,"comment_status":"closed","ping_status":"closed","sticky":false,"template":"","format":"standard","meta":{"jetpack_post_was_ever_published":false,"_jetpack_newsletter_access":"","_jetpack_dont_email_post_to_subs":true,"_jetpack_newsletter_tier_id":0,"_jetpack_memberships_contains_paywalled_content":false,"_jetpack_memberships_contains_paid_content":false,"footnotes":"","jetpack_publicize_message":"","jetpack_publicize_feature_enabled":true,"jetpack_social_post_already_shared":true,"jetpack_social_options":{"image_generator_settings":{"template":"highway","default_image_id":0,"font":"","enabled":false},"version":2}},"categories":[1],"tags":[],"class_list":["post-292","post","type-post","status-publish","format-standard","hentry","category-non-classe"],"jetpack_publicize_connections":[],"jetpack_featured_media_url":"","jetpack_sharing_enabled":true,"jetpack_shortlink":"https:\/\/wp.me\/p7iEVt-4I","jetpack-related-posts":[{"id":2807,"url":"https:\/\/no-made.net\/index.php\/communique-de-presse-fatras-cap-dail-2023\/","url_meta":{"origin":292,"position":0},"title":"Communiqu\u00e9 de presse &#8211; Fatras &#8211; Cap d&rsquo;Ail 2023","author":"no-made","date":"30 ao\u00fbt 2023","format":false,"excerpt":"communique-de-presse-Fatras-Cap-dAilT\u00e9l\u00e9charger","rel":"","context":"Dans &quot;Non class\u00e9&quot;","block_context":{"text":"Non class\u00e9","link":"https:\/\/no-made.net\/index.php\/category\/non-classe\/"},"img":{"alt_text":"","src":"","width":0,"height":0},"classes":[]},{"id":1761,"url":"https:\/\/no-made.net\/index.php\/communique-de-presse-pour-chronique-cap-dail-2021\/","url_meta":{"origin":292,"position":1},"title":"Communiqu\u00e9 de presse pour Chronique &#8211; Cap d&rsquo;Ail 2021","author":"no-made","date":"6 septembre 2021","format":false,"excerpt":"","rel":"","context":"Dans &quot;Non class\u00e9&quot;","block_context":{"text":"Non class\u00e9","link":"https:\/\/no-made.net\/index.php\/category\/non-classe\/"},"img":{"alt_text":"","src":"https:\/\/i0.wp.com\/no-made.net\/wp-content\/uploads\/2021\/09\/Communique-2-de-3.jpg?resize=350%2C200&ssl=1","width":350,"height":200,"srcset":"https:\/\/i0.wp.com\/no-made.net\/wp-content\/uploads\/2021\/09\/Communique-2-de-3.jpg?resize=350%2C200&ssl=1 1x, https:\/\/i0.wp.com\/no-made.net\/wp-content\/uploads\/2021\/09\/Communique-2-de-3.jpg?resize=525%2C300&ssl=1 1.5x, https:\/\/i0.wp.com\/no-made.net\/wp-content\/uploads\/2021\/09\/Communique-2-de-3.jpg?resize=700%2C400&ssl=1 2x, https:\/\/i0.wp.com\/no-made.net\/wp-content\/uploads\/2021\/09\/Communique-2-de-3.jpg?resize=1050%2C600&ssl=1 3x"},"classes":[]},{"id":576,"url":"https:\/\/no-made.net\/index.php\/le-printemps-revient\/","url_meta":{"origin":292,"position":2},"title":"Le printemps revient","author":"no-made","date":"22 mai 2018","format":false,"excerpt":"no-made a des acquaintances particuli\u00e8res avec les jardins et le printemps. La chose se confirme avec une exposition au Jardin Thuret \u00e0 Antibes pendant l'\u00e9t\u00e9 : \u00a0 \u00a0 \u00a0 \u00a0 \u00a0 \u00a0 Mais aussi la pr\u00e9paration de l'exposition f\u00e9tiche \u00e0 la Villa Roc Fleuri \u00e0 Cap d' Ail : appel\u2026","rel":"","context":"Dans &quot;Non class\u00e9&quot;","block_context":{"text":"Non class\u00e9","link":"https:\/\/no-made.net\/index.php\/category\/non-classe\/"},"img":{"alt_text":"","src":"https:\/\/i0.wp.com\/no-made.net\/wp-content\/uploads\/2018\/05\/affiche-acclimatation-feuille-bleu-216x300.jpg?resize=350%2C200","width":350,"height":200},"classes":[]},{"id":2283,"url":"https:\/\/no-made.net\/index.php\/un-article-sur-cap-dail-substrat-dans-la-stada-n-347-de-sept-2022\/","url_meta":{"origin":292,"position":3},"title":"Un article en page.16 dans La STRADA N\u00b0 347 de sept. 2022 pour SUBSTRAT &#8211; Le Roc Fleuri &#8211; Cap d&rsquo;Ail","author":"no-made","date":"7 septembre 2022","format":false,"excerpt":"L'ESSENCE DE L'ARTPour la 22e fois, le collectif no-made investit la Villa Le Roc Fleuri \u00e0 Cap d'Ail, du 4 au 27 septembre. Le th\u00e8me retenu cette ann\u00e9e : Substrat. no-made est un collectif d\u2019artistes tout \u00e0 fait atypique, de par sa p\u00e9rennit\u00e9, son ouverture et ses interventions en \"territoires\u2026","rel":"","context":"Dans &quot;Non class\u00e9&quot;","block_context":{"text":"Non class\u00e9","link":"https:\/\/no-made.net\/index.php\/category\/non-classe\/"},"img":{"alt_text":"","src":"https:\/\/i0.wp.com\/no-made.net\/wp-content\/uploads\/2022\/09\/Carton-SUBSTRAT11-scaled.jpg?resize=350%2C200&ssl=1","width":350,"height":200,"srcset":"https:\/\/i0.wp.com\/no-made.net\/wp-content\/uploads\/2022\/09\/Carton-SUBSTRAT11-scaled.jpg?resize=350%2C200&ssl=1 1x, https:\/\/i0.wp.com\/no-made.net\/wp-content\/uploads\/2022\/09\/Carton-SUBSTRAT11-scaled.jpg?resize=525%2C300&ssl=1 1.5x, https:\/\/i0.wp.com\/no-made.net\/wp-content\/uploads\/2022\/09\/Carton-SUBSTRAT11-scaled.jpg?resize=700%2C400&ssl=1 2x, https:\/\/i0.wp.com\/no-made.net\/wp-content\/uploads\/2022\/09\/Carton-SUBSTRAT11-scaled.jpg?resize=1050%2C600&ssl=1 3x, https:\/\/i0.wp.com\/no-made.net\/wp-content\/uploads\/2022\/09\/Carton-SUBSTRAT11-scaled.jpg?resize=1400%2C800&ssl=1 4x"},"classes":[]},{"id":910,"url":"https:\/\/no-made.net\/index.php\/bast\/","url_meta":{"origin":292,"position":4},"title":"Bast-","author":"no-made","date":"26 ao\u00fbt 2019","format":false,"excerpt":"B\u00e2tir se monte et se montrera \u00e0 Cap d'Ail le vendredi 6 septembre Communiqu\u00e9 de presse","rel":"","context":"Dans &quot;Non class\u00e9&quot;","block_context":{"text":"Non class\u00e9","link":"https:\/\/no-made.net\/index.php\/category\/non-classe\/"},"img":{"alt_text":"","src":"https:\/\/i0.wp.com\/no-made.net\/wp-content\/uploads\/2019\/08\/affiche-4-web.jpg?resize=350%2C200&ssl=1","width":350,"height":200,"srcset":"https:\/\/i0.wp.com\/no-made.net\/wp-content\/uploads\/2019\/08\/affiche-4-web.jpg?resize=350%2C200&ssl=1 1x, https:\/\/i0.wp.com\/no-made.net\/wp-content\/uploads\/2019\/08\/affiche-4-web.jpg?resize=525%2C300&ssl=1 1.5x, https:\/\/i0.wp.com\/no-made.net\/wp-content\/uploads\/2019\/08\/affiche-4-web.jpg?resize=700%2C400&ssl=1 2x"},"classes":[]},{"id":403,"url":"https:\/\/no-made.net\/index.php\/invitation-a-lexposition-dematerialisation\/","url_meta":{"origin":292,"position":5},"title":"Invitation \u00e0 la d\u00e9mat\u00e9rialisation","author":"no-made","date":"9 ao\u00fbt 2017","format":false,"excerpt":"Cap d'Ail vendredi 8 septembre \u00e0 17h ! \u00a0","rel":"","context":"Dans &quot;Non class\u00e9&quot;","block_context":{"text":"Non class\u00e9","link":"https:\/\/no-made.net\/index.php\/category\/non-classe\/"},"img":{"alt_text":"","src":"https:\/\/i0.wp.com\/no-made.net\/wp-content\/uploads\/2017\/08\/invitCapdAil2017.jpg?resize=350%2C200","width":350,"height":200,"srcset":"https:\/\/i0.wp.com\/no-made.net\/wp-content\/uploads\/2017\/08\/invitCapdAil2017.jpg?resize=350%2C200 1x, https:\/\/i0.wp.com\/no-made.net\/wp-content\/uploads\/2017\/08\/invitCapdAil2017.jpg?resize=525%2C300 1.5x"},"classes":[]}],"_links":{"self":[{"href":"https:\/\/no-made.net\/index.php\/wp-json\/wp\/v2\/posts\/292","targetHints":{"allow":["GET"]}}],"collection":[{"href":"https:\/\/no-made.net\/index.php\/wp-json\/wp\/v2\/posts"}],"about":[{"href":"https:\/\/no-made.net\/index.php\/wp-json\/wp\/v2\/types\/post"}],"author":[{"embeddable":true,"href":"https:\/\/no-made.net\/index.php\/wp-json\/wp\/v2\/users\/1"}],"replies":[{"embeddable":true,"href":"https:\/\/no-made.net\/index.php\/wp-json\/wp\/v2\/comments?post=292"}],"version-history":[{"count":4,"href":"https:\/\/no-made.net\/index.php\/wp-json\/wp\/v2\/posts\/292\/revisions"}],"predecessor-version":[{"id":304,"href":"https:\/\/no-made.net\/index.php\/wp-json\/wp\/v2\/posts\/292\/revisions\/304"}],"wp:attachment":[{"href":"https:\/\/no-made.net\/index.php\/wp-json\/wp\/v2\/media?parent=292"}],"wp:term":[{"taxonomy":"category","embeddable":true,"href":"https:\/\/no-made.net\/index.php\/wp-json\/wp\/v2\/categories?post=292"},{"taxonomy":"post_tag","embeddable":true,"href":"https:\/\/no-made.net\/index.php\/wp-json\/wp\/v2\/tags?post=292"}],"curies":[{"name":"wp","href":"https:\/\/api.w.org\/{rel}","templated":true}]}}