{"id":302,"date":"2016-09-12T17:42:04","date_gmt":"2016-09-12T16:42:04","guid":{"rendered":"http:\/\/no-made.net\/?p=302"},"modified":"2016-09-12T17:42:04","modified_gmt":"2016-09-12T16:42:04","slug":"rencontres-du-roc-fleuri","status":"publish","type":"post","link":"https:\/\/no-made.net\/index.php\/rencontres-du-roc-fleuri\/","title":{"rendered":"Rencontres du Roc Fleuri"},"content":{"rendered":"<p>Pr\u00e9sentation de la revue <strong>craquelure<\/strong><\/p>\n<p><a href=\"https:\/\/i0.wp.com\/no-made.net\/wp-content\/uploads\/2016\/09\/invit25septembre2016-21x15.jpg?ssl=1\"><img data-recalc-dims=\"1\" loading=\"lazy\" decoding=\"async\" data-attachment-id=\"301\" data-permalink=\"https:\/\/no-made.net\/index.php\/rencontres-du-roc-fleuri\/invit25septembre2016-21x15\/\" data-orig-file=\"https:\/\/i0.wp.com\/no-made.net\/wp-content\/uploads\/2016\/09\/invit25septembre2016-21x15.jpg?fit=601%2C432&amp;ssl=1\" data-orig-size=\"601,432\" data-comments-opened=\"0\" data-image-meta=\"{&quot;aperture&quot;:&quot;0&quot;,&quot;credit&quot;:&quot;&quot;,&quot;camera&quot;:&quot;&quot;,&quot;caption&quot;:&quot;&quot;,&quot;created_timestamp&quot;:&quot;0&quot;,&quot;copyright&quot;:&quot;&quot;,&quot;focal_length&quot;:&quot;0&quot;,&quot;iso&quot;:&quot;0&quot;,&quot;shutter_speed&quot;:&quot;0&quot;,&quot;title&quot;:&quot;&quot;,&quot;orientation&quot;:&quot;0&quot;}\" data-image-title=\"invit25septembre2016-21&amp;#215;15\" data-image-description=\"\" data-image-caption=\"\" data-large-file=\"https:\/\/i0.wp.com\/no-made.net\/wp-content\/uploads\/2016\/09\/invit25septembre2016-21x15.jpg?fit=601%2C432&amp;ssl=1\" class=\"aligncenter size-medium wp-image-301\" src=\"https:\/\/i0.wp.com\/no-made.net\/wp-content\/uploads\/2016\/09\/invit25septembre2016-21x15.jpg?resize=300%2C216&#038;ssl=1\" alt=\"invit25septembre2016-21x15\" width=\"300\" height=\"216\" srcset=\"https:\/\/i0.wp.com\/no-made.net\/wp-content\/uploads\/2016\/09\/invit25septembre2016-21x15.jpg?resize=300%2C216&amp;ssl=1 300w, https:\/\/i0.wp.com\/no-made.net\/wp-content\/uploads\/2016\/09\/invit25septembre2016-21x15.jpg?resize=150%2C108&amp;ssl=1 150w, https:\/\/i0.wp.com\/no-made.net\/wp-content\/uploads\/2016\/09\/invit25septembre2016-21x15.jpg?w=601&amp;ssl=1 601w\" sizes=\"auto, (max-width: 300px) 100vw, 300px\" \/><\/a><\/p>\n","protected":false},"excerpt":{"rendered":"<p>Pr\u00e9sentation de la revue craquelure<\/p>\n","protected":false},"author":1,"featured_media":0,"comment_status":"closed","ping_status":"closed","sticky":false,"template":"","format":"standard","meta":{"jetpack_post_was_ever_published":false,"_jetpack_newsletter_access":"","_jetpack_dont_email_post_to_subs":false,"_jetpack_newsletter_tier_id":0,"_jetpack_memberships_contains_paywalled_content":false,"_jetpack_memberships_contains_paid_content":false,"footnotes":"","jetpack_publicize_message":"","jetpack_publicize_feature_enabled":true,"jetpack_social_post_already_shared":true,"jetpack_social_options":{"image_generator_settings":{"template":"highway","default_image_id":0,"font":"","enabled":false},"version":2}},"categories":[1],"tags":[],"class_list":["post-302","post","type-post","status-publish","format-standard","hentry","category-non-classe"],"jetpack_publicize_connections":[],"jetpack_featured_media_url":"","jetpack_sharing_enabled":true,"jetpack_shortlink":"https:\/\/wp.me\/p7iEVt-4S","jetpack-related-posts":[{"id":2283,"url":"https:\/\/no-made.net\/index.php\/un-article-sur-cap-dail-substrat-dans-la-stada-n-347-de-sept-2022\/","url_meta":{"origin":302,"position":0},"title":"Un article en page.16 dans La STRADA N\u00b0 347 de sept. 2022 pour SUBSTRAT &#8211; Le Roc Fleuri &#8211; Cap d&rsquo;Ail","author":"no-made","date":"7 septembre 2022","format":false,"excerpt":"L'ESSENCE DE L'ARTPour la 22e fois, le collectif no-made investit la Villa Le Roc Fleuri \u00e0 Cap d'Ail, du 4 au 27 septembre. Le th\u00e8me retenu cette ann\u00e9e : Substrat. no-made est un collectif d\u2019artistes tout \u00e0 fait atypique, de par sa p\u00e9rennit\u00e9, son ouverture et ses interventions en \"territoires\u2026","rel":"","context":"Dans &quot;Non class\u00e9&quot;","block_context":{"text":"Non class\u00e9","link":"https:\/\/no-made.net\/index.php\/category\/non-classe\/"},"img":{"alt_text":"","src":"https:\/\/i0.wp.com\/no-made.net\/wp-content\/uploads\/2022\/09\/Carton-SUBSTRAT11-scaled.jpg?resize=350%2C200&ssl=1","width":350,"height":200,"srcset":"https:\/\/i0.wp.com\/no-made.net\/wp-content\/uploads\/2022\/09\/Carton-SUBSTRAT11-scaled.jpg?resize=350%2C200&ssl=1 1x, https:\/\/i0.wp.com\/no-made.net\/wp-content\/uploads\/2022\/09\/Carton-SUBSTRAT11-scaled.jpg?resize=525%2C300&ssl=1 1.5x, https:\/\/i0.wp.com\/no-made.net\/wp-content\/uploads\/2022\/09\/Carton-SUBSTRAT11-scaled.jpg?resize=700%2C400&ssl=1 2x, https:\/\/i0.wp.com\/no-made.net\/wp-content\/uploads\/2022\/09\/Carton-SUBSTRAT11-scaled.jpg?resize=1050%2C600&ssl=1 3x, https:\/\/i0.wp.com\/no-made.net\/wp-content\/uploads\/2022\/09\/Carton-SUBSTRAT11-scaled.jpg?resize=1400%2C800&ssl=1 4x"},"classes":[]},{"id":706,"url":"https:\/\/no-made.net\/index.php\/rentree-sauvage\/","url_meta":{"origin":302,"position":1},"title":"Rentr\u00e9e sauvage","author":"no-made","date":"3 septembre 2018","format":false,"excerpt":"Cap d'Ail 2018, invitation au jardin du Roc Fleuri, vendredi 7 septembre \u00e0 17h, 10 artistes, une compagnie, un hommage. \u00a0","rel":"","context":"Dans &quot;Non class\u00e9&quot;","block_context":{"text":"Non class\u00e9","link":"https:\/\/no-made.net\/index.php\/category\/non-classe\/"},"img":{"alt_text":"","src":"https:\/\/i0.wp.com\/no-made.net\/wp-content\/uploads\/2018\/09\/capdail-Invitation-2018.jpg?resize=350%2C200","width":350,"height":200,"srcset":"https:\/\/i0.wp.com\/no-made.net\/wp-content\/uploads\/2018\/09\/capdail-Invitation-2018.jpg?resize=350%2C200 1x, https:\/\/i0.wp.com\/no-made.net\/wp-content\/uploads\/2018\/09\/capdail-Invitation-2018.jpg?resize=525%2C300 1.5x, https:\/\/i0.wp.com\/no-made.net\/wp-content\/uploads\/2018\/09\/capdail-Invitation-2018.jpg?resize=700%2C400 2x"},"classes":[]},{"id":720,"url":"https:\/\/no-made.net\/index.php\/%ce%ba%cf%8c%cf%80%cf%81%ce%bf%cf%82-kopros\/","url_meta":{"origin":302,"position":2},"title":"\u03ba\u03cc\u03c0\u03c1\u03bf\u03c2\/ k\u00f3pros","author":"no-made","date":"13 septembre 2018","format":false,"excerpt":"Beau travail de Louis Doll\u00e9 au jardin de la Villa Roc Fleuri pendant l'exposition \"Pens\u00e9e sauvages\" : coprolithes","rel":"","context":"Dans &quot;Non class\u00e9&quot;","block_context":{"text":"Non class\u00e9","link":"https:\/\/no-made.net\/index.php\/category\/non-classe\/"},"img":{"alt_text":"","src":"https:\/\/i0.wp.com\/no-made.net\/wp-content\/uploads\/2018\/09\/coprolithes-web.jpg?resize=350%2C200","width":350,"height":200,"srcset":"https:\/\/i0.wp.com\/no-made.net\/wp-content\/uploads\/2018\/09\/coprolithes-web.jpg?resize=350%2C200 1x, https:\/\/i0.wp.com\/no-made.net\/wp-content\/uploads\/2018\/09\/coprolithes-web.jpg?resize=525%2C300 1.5x, https:\/\/i0.wp.com\/no-made.net\/wp-content\/uploads\/2018\/09\/coprolithes-web.jpg?resize=700%2C400 2x"},"classes":[]},{"id":576,"url":"https:\/\/no-made.net\/index.php\/le-printemps-revient\/","url_meta":{"origin":302,"position":3},"title":"Le printemps revient","author":"no-made","date":"22 mai 2018","format":false,"excerpt":"no-made a des acquaintances particuli\u00e8res avec les jardins et le printemps. La chose se confirme avec une exposition au Jardin Thuret \u00e0 Antibes pendant l'\u00e9t\u00e9 : \u00a0 \u00a0 \u00a0 \u00a0 \u00a0 \u00a0 Mais aussi la pr\u00e9paration de l'exposition f\u00e9tiche \u00e0 la Villa Roc Fleuri \u00e0 Cap d' Ail : appel\u2026","rel":"","context":"Dans &quot;Non class\u00e9&quot;","block_context":{"text":"Non class\u00e9","link":"https:\/\/no-made.net\/index.php\/category\/non-classe\/"},"img":{"alt_text":"","src":"https:\/\/i0.wp.com\/no-made.net\/wp-content\/uploads\/2018\/05\/affiche-acclimatation-feuille-bleu-216x300.jpg?resize=350%2C200","width":350,"height":200},"classes":[]},{"id":238,"url":"https:\/\/no-made.net\/index.php\/rencontre\/","url_meta":{"origin":302,"position":4},"title":"Rencontre","author":"no-made","date":"16 mars 2016","format":false,"excerpt":"Le mardi 29 Mars \u00e0 14h des artistes de l'exposition \"Si le printemps revenait saison III\" rencontrent des professeurs, des chercheurs et les \u00e9tudiants sur le th\u00e8me du corps \u00e0 la biblioth\u00e8que universitaire de la Facult\u00e9 des Sciences du Sport. Vaste programme...ouvert \u00e0 tous. Le programme","rel":"","context":"Dans &quot;Non class\u00e9&quot;","block_context":{"text":"Non class\u00e9","link":"https:\/\/no-made.net\/index.php\/category\/non-classe\/"},"img":{"alt_text":"","src":"","width":0,"height":0},"classes":[]},{"id":255,"url":"https:\/\/no-made.net\/index.php\/nouvelles-du-staps-2\/","url_meta":{"origin":302,"position":5},"title":"Nouvelles du Staps-2","author":"no-made","date":"5 avril 2016","format":false,"excerpt":"Lors de la rencontre du 29 Mars avec les \u00e9tudiants : \"le corps entre art et sciences\" : danse et r\u00e9flexions. \u00a0Danseurs : Yannick Cartier, Ludovic Balade. \u00a0 Artistes : St\u00e9phanie Lobry, Louis Doll\u00e9, Jean Pierre Joly, Denis Gibelin. \u00a0 \u00a0 \u00a0 \u00a0","rel":"","context":"Dans &quot;Non class\u00e9&quot;","block_context":{"text":"Non class\u00e9","link":"https:\/\/no-made.net\/index.php\/category\/non-classe\/"},"img":{"alt_text":"no-made-staps-hiphop2","src":"https:\/\/i0.wp.com\/no-made.net\/wp-content\/uploads\/2016\/04\/no-made-staps-hiphop2-300x225.jpg?resize=350%2C200","width":350,"height":200},"classes":[]}],"_links":{"self":[{"href":"https:\/\/no-made.net\/index.php\/wp-json\/wp\/v2\/posts\/302","targetHints":{"allow":["GET"]}}],"collection":[{"href":"https:\/\/no-made.net\/index.php\/wp-json\/wp\/v2\/posts"}],"about":[{"href":"https:\/\/no-made.net\/index.php\/wp-json\/wp\/v2\/types\/post"}],"author":[{"embeddable":true,"href":"https:\/\/no-made.net\/index.php\/wp-json\/wp\/v2\/users\/1"}],"replies":[{"embeddable":true,"href":"https:\/\/no-made.net\/index.php\/wp-json\/wp\/v2\/comments?post=302"}],"version-history":[{"count":1,"href":"https:\/\/no-made.net\/index.php\/wp-json\/wp\/v2\/posts\/302\/revisions"}],"predecessor-version":[{"id":303,"href":"https:\/\/no-made.net\/index.php\/wp-json\/wp\/v2\/posts\/302\/revisions\/303"}],"wp:attachment":[{"href":"https:\/\/no-made.net\/index.php\/wp-json\/wp\/v2\/media?parent=302"}],"wp:term":[{"taxonomy":"category","embeddable":true,"href":"https:\/\/no-made.net\/index.php\/wp-json\/wp\/v2\/categories?post=302"},{"taxonomy":"post_tag","embeddable":true,"href":"https:\/\/no-made.net\/index.php\/wp-json\/wp\/v2\/tags?post=302"}],"curies":[{"name":"wp","href":"https:\/\/api.w.org\/{rel}","templated":true}]}}