{"id":361,"date":"2017-02-03T16:21:40","date_gmt":"2017-02-03T15:21:40","guid":{"rendered":"http:\/\/no-made.net\/?p=361"},"modified":"2017-05-12T15:07:28","modified_gmt":"2017-05-12T14:07:28","slug":"actualites-2017","status":"publish","type":"post","link":"https:\/\/no-made.net\/index.php\/actualites-2017\/","title":{"rendered":"Actualit\u00e9s 2017"},"content":{"rendered":"<p>L&rsquo;ann\u00e9e commence par une r\u00e9union de r\u00e9flexion :<\/p>\n<p><span style=\"color: #0000ff;\"><a style=\"color: #0000ff;\" href=\"https:\/\/no-made.net\/wp-content\/uploads\/2017\/05\/Compte-Rendu-du-20-janvier-Pierre-Deh\u00e9-2.pdf\">Compte Rendu<\/a>\u00a0 de la r\u00e9union du 20 janvier.<\/span><\/p>\n<p>et par le d\u00e9cret d\u00e9signant le th\u00e8me des expositions pour 2017 :<\/p>\n<p><span style=\"color: #ff0000;\"><strong>La d\u00e9mat\u00e9rialisation<\/strong><\/span><\/p>\n","protected":false},"excerpt":{"rendered":"<p>L&rsquo;ann\u00e9e commence par une r\u00e9union de r\u00e9flexion : Compte Rendu\u00a0 de la r\u00e9union du 20 janvier. et par le d\u00e9cret d\u00e9signant le th\u00e8me des expositions pour 2017 : La d\u00e9mat\u00e9rialisation<\/p>\n","protected":false},"author":1,"featured_media":0,"comment_status":"closed","ping_status":"closed","sticky":false,"template":"","format":"standard","meta":{"jetpack_post_was_ever_published":false,"_jetpack_newsletter_access":"","_jetpack_dont_email_post_to_subs":false,"_jetpack_newsletter_tier_id":0,"_jetpack_memberships_contains_paywalled_content":false,"_jetpack_memberships_contains_paid_content":false,"footnotes":"","jetpack_publicize_message":"","jetpack_publicize_feature_enabled":true,"jetpack_social_post_already_shared":true,"jetpack_social_options":{"image_generator_settings":{"template":"highway","default_image_id":0,"font":"","enabled":false},"version":2}},"categories":[1],"tags":[],"class_list":["post-361","post","type-post","status-publish","format-standard","hentry","category-non-classe"],"jetpack_publicize_connections":[],"jetpack_featured_media_url":"","jetpack_sharing_enabled":true,"jetpack_shortlink":"https:\/\/wp.me\/p7iEVt-5P","jetpack-related-posts":[{"id":369,"url":"https:\/\/no-made.net\/index.php\/assemblee-generale-de-lassociation\/","url_meta":{"origin":361,"position":0},"title":"Assembl\u00e9e g\u00e9n\u00e9rale de l&rsquo;association","author":"no-made","date":"11 avril 2017","format":false,"excerpt":"La r\u00e9union a eu lieu le 24 mars. Pour \u00eatre plus inform\u00e9 : \u00a0\u00a0ICI\u00a0","rel":"","context":"Dans &quot;Non class\u00e9&quot;","block_context":{"text":"Non class\u00e9","link":"https:\/\/no-made.net\/index.php\/category\/non-classe\/"},"img":{"alt_text":"","src":"","width":0,"height":0},"classes":[]},{"id":383,"url":"https:\/\/no-made.net\/index.php\/dematerialisation\/","url_meta":{"origin":361,"position":1},"title":"D\u00e9mat\u00e9rialisation","author":"no-made","date":"12 mai 2017","format":false,"excerpt":"La prochaine exposition prend forme : Les d\u00e9tails de l'appel se trouvent : \u00a0ICI","rel":"","context":"Dans &quot;Non class\u00e9&quot;","block_context":{"text":"Non class\u00e9","link":"https:\/\/no-made.net\/index.php\/category\/non-classe\/"},"img":{"alt_text":"","src":"https:\/\/i0.wp.com\/no-made.net\/wp-content\/uploads\/2017\/05\/appel-cap-d-ail-2017-222x300.jpg?resize=350%2C200","width":350,"height":200},"classes":[]},{"id":428,"url":"https:\/\/no-made.net\/index.php\/invitation-nouvelle\/","url_meta":{"origin":361,"position":2},"title":"Invitation nouvelle","author":"no-made","date":"15 septembre 2017","format":false,"excerpt":"Samedi 16 septembre, toute la journ\u00e9e no-made invite \u00e0 de nouvelles d\u00e9couvertes. \u00a0","rel":"","context":"Dans &quot;Non class\u00e9&quot;","block_context":{"text":"Non class\u00e9","link":"https:\/\/no-made.net\/index.php\/category\/non-classe\/"},"img":{"alt_text":"","src":"https:\/\/i0.wp.com\/no-made.net\/wp-content\/uploads\/2017\/09\/invitCapdAil2017samedi16-1024x731.jpg?resize=350%2C200","width":350,"height":200,"srcset":"https:\/\/i0.wp.com\/no-made.net\/wp-content\/uploads\/2017\/09\/invitCapdAil2017samedi16-1024x731.jpg?resize=350%2C200 1x, https:\/\/i0.wp.com\/no-made.net\/wp-content\/uploads\/2017\/09\/invitCapdAil2017samedi16-1024x731.jpg?resize=525%2C300 1.5x"},"classes":[]},{"id":403,"url":"https:\/\/no-made.net\/index.php\/invitation-a-lexposition-dematerialisation\/","url_meta":{"origin":361,"position":3},"title":"Invitation \u00e0 la d\u00e9mat\u00e9rialisation","author":"no-made","date":"9 ao\u00fbt 2017","format":false,"excerpt":"Cap d'Ail vendredi 8 septembre \u00e0 17h ! \u00a0","rel":"","context":"Dans &quot;Non class\u00e9&quot;","block_context":{"text":"Non class\u00e9","link":"https:\/\/no-made.net\/index.php\/category\/non-classe\/"},"img":{"alt_text":"","src":"https:\/\/i0.wp.com\/no-made.net\/wp-content\/uploads\/2017\/08\/invitCapdAil2017.jpg?resize=350%2C200","width":350,"height":200,"srcset":"https:\/\/i0.wp.com\/no-made.net\/wp-content\/uploads\/2017\/08\/invitCapdAil2017.jpg?resize=350%2C200 1x, https:\/\/i0.wp.com\/no-made.net\/wp-content\/uploads\/2017\/08\/invitCapdAil2017.jpg?resize=525%2C300 1.5x"},"classes":[]},{"id":441,"url":"https:\/\/no-made.net\/index.php\/un-dimanche-a-larboretum\/","url_meta":{"origin":361,"position":4},"title":"Un dimanche \u00e0 l&rsquo;arbor\u00e9tum","author":"no-made","date":"25 septembre 2017","format":false,"excerpt":"Le dimanche 8 octobre \u00e0 partir de 10H, pour les 30 ans de l'arbor\u00e9tum, petit d\u00e9jeuner bucolique et pr\u00e9sentation du livre r\u00e9trospective des expositions de no-made \u00e0 Roure.","rel":"","context":"Dans &quot;Non class\u00e9&quot;","block_context":{"text":"Non class\u00e9","link":"https:\/\/no-made.net\/index.php\/category\/non-classe\/"},"img":{"alt_text":"","src":"https:\/\/i0.wp.com\/no-made.net\/wp-content\/uploads\/2017\/09\/invitationarbo2017-web.jpg?resize=350%2C200","width":350,"height":200,"srcset":"https:\/\/i0.wp.com\/no-made.net\/wp-content\/uploads\/2017\/09\/invitationarbo2017-web.jpg?resize=350%2C200 1x, https:\/\/i0.wp.com\/no-made.net\/wp-content\/uploads\/2017\/09\/invitationarbo2017-web.jpg?resize=525%2C300 1.5x, https:\/\/i0.wp.com\/no-made.net\/wp-content\/uploads\/2017\/09\/invitationarbo2017-web.jpg?resize=700%2C400 2x"},"classes":[]},{"id":456,"url":"https:\/\/no-made.net\/index.php\/le-grand-livre\/","url_meta":{"origin":361,"position":5},"title":"Le grand livre-update-6","author":"no-made","date":"8 octobre 2017","format":false,"excerpt":"Le samedi 17 f\u00e9vrier \u00e0 15 heures, c'est au tour de la Fnac de Monaco. Le samedi 10 f\u00e9vrier \u00e0 10 heures 30, \u00e0 la biblioth\u00e8que Louis Nuc\u00e9ra pr\u00e9sentation du livre et d'un film de Jean Claude Fraicher. Le mercredi 10 janvier \u00e0 la Librairie Mass\u00e9na \u00e0 19 heures, pr\u00e9sentation\u2026","rel":"","context":"Dans &quot;Non class\u00e9&quot;","block_context":{"text":"Non class\u00e9","link":"https:\/\/no-made.net\/index.php\/category\/non-classe\/"},"img":{"alt_text":"","src":"https:\/\/i0.wp.com\/no-made.net\/wp-content\/uploads\/2018\/02\/livre-bmn-web.jpg?resize=350%2C200","width":350,"height":200,"srcset":"https:\/\/i0.wp.com\/no-made.net\/wp-content\/uploads\/2018\/02\/livre-bmn-web.jpg?resize=350%2C200 1x, https:\/\/i0.wp.com\/no-made.net\/wp-content\/uploads\/2018\/02\/livre-bmn-web.jpg?resize=525%2C300 1.5x, https:\/\/i0.wp.com\/no-made.net\/wp-content\/uploads\/2018\/02\/livre-bmn-web.jpg?resize=700%2C400 2x"},"classes":[]}],"_links":{"self":[{"href":"https:\/\/no-made.net\/index.php\/wp-json\/wp\/v2\/posts\/361","targetHints":{"allow":["GET"]}}],"collection":[{"href":"https:\/\/no-made.net\/index.php\/wp-json\/wp\/v2\/posts"}],"about":[{"href":"https:\/\/no-made.net\/index.php\/wp-json\/wp\/v2\/types\/post"}],"author":[{"embeddable":true,"href":"https:\/\/no-made.net\/index.php\/wp-json\/wp\/v2\/users\/1"}],"replies":[{"embeddable":true,"href":"https:\/\/no-made.net\/index.php\/wp-json\/wp\/v2\/comments?post=361"}],"version-history":[{"count":4,"href":"https:\/\/no-made.net\/index.php\/wp-json\/wp\/v2\/posts\/361\/revisions"}],"predecessor-version":[{"id":380,"href":"https:\/\/no-made.net\/index.php\/wp-json\/wp\/v2\/posts\/361\/revisions\/380"}],"wp:attachment":[{"href":"https:\/\/no-made.net\/index.php\/wp-json\/wp\/v2\/media?parent=361"}],"wp:term":[{"taxonomy":"category","embeddable":true,"href":"https:\/\/no-made.net\/index.php\/wp-json\/wp\/v2\/categories?post=361"},{"taxonomy":"post_tag","embeddable":true,"href":"https:\/\/no-made.net\/index.php\/wp-json\/wp\/v2\/tags?post=361"}],"curies":[{"name":"wp","href":"https:\/\/api.w.org\/{rel}","templated":true}]}}