{"id":369,"date":"2017-04-11T06:47:57","date_gmt":"2017-04-11T05:47:57","guid":{"rendered":"http:\/\/no-made.net\/?p=369"},"modified":"2017-05-12T15:11:14","modified_gmt":"2017-05-12T14:11:14","slug":"assemblee-generale-de-lassociation","status":"publish","type":"post","link":"https:\/\/no-made.net\/index.php\/assemblee-generale-de-lassociation\/","title":{"rendered":"Assembl\u00e9e g\u00e9n\u00e9rale de l&rsquo;association"},"content":{"rendered":"<p>La r\u00e9union a eu lieu le 24 mars.<\/p>\n<p>Pour \u00eatre plus inform\u00e9 : \u00a0<span style=\"color: #0000ff;\"><strong><a style=\"color: #0000ff;\" href=\"https:\/\/no-made.net\/wp-content\/uploads\/2017\/05\/Assembl\u00e9e-g\u00e9n\u00e9rale-no-made-compte-rendu-global-2.pdf\">\u00a0ICI\u00a0<\/a><\/strong><\/span><\/p>\n","protected":false},"excerpt":{"rendered":"<p>La r\u00e9union a eu lieu le 24 mars. Pour \u00eatre plus inform\u00e9 : \u00a0\u00a0ICI\u00a0<\/p>\n","protected":false},"author":1,"featured_media":0,"comment_status":"closed","ping_status":"closed","sticky":false,"template":"","format":"standard","meta":{"jetpack_post_was_ever_published":false,"_jetpack_newsletter_access":"","_jetpack_dont_email_post_to_subs":false,"_jetpack_newsletter_tier_id":0,"_jetpack_memberships_contains_paywalled_content":false,"_jetpack_memberships_contains_paid_content":false,"footnotes":"","jetpack_publicize_message":"","jetpack_publicize_feature_enabled":true,"jetpack_social_post_already_shared":true,"jetpack_social_options":{"image_generator_settings":{"template":"highway","default_image_id":0,"font":"","enabled":false},"version":2}},"categories":[1],"tags":[],"class_list":["post-369","post","type-post","status-publish","format-standard","hentry","category-non-classe"],"jetpack_publicize_connections":[],"jetpack_featured_media_url":"","jetpack_sharing_enabled":true,"jetpack_shortlink":"https:\/\/wp.me\/p7iEVt-5X","jetpack-related-posts":[{"id":1027,"url":"https:\/\/no-made.net\/index.php\/appel-du-18-juin\/","url_meta":{"origin":369,"position":0},"title":"AG 2020","author":"no-made","date":"4 juin 2020","format":false,"excerpt":"La derni\u00e8re assembl\u00e9e g\u00e9n\u00e9rale de l'association a eu lieu le 18 juin 2020 au Caf\u00e9 de la Place, Place Garibaldi \u00e0 Nice. Convocation Candidature Bulletin d'adh\u00e9sion Pour rappel : le montant de la cotisation (20 euros) ouvre droit \u00e0 une r\u00e9duction d'imp\u00f4ts selon l'article 200 et 238bis du Code G\u00e9n\u00e9ral\u2026","rel":"","context":"Dans &quot;Non class\u00e9&quot;","block_context":{"text":"Non class\u00e9","link":"https:\/\/no-made.net\/index.php\/category\/non-classe\/"},"img":{"alt_text":"","src":"","width":0,"height":0},"classes":[]},{"id":198,"url":"https:\/\/no-made.net\/index.php\/avant-premiere\/","url_meta":{"origin":369,"position":1},"title":"Avant-premi\u00e8re","author":"no-made","date":"24 f\u00e9vrier 2016","format":false,"excerpt":"Une pi\u00e8ce d'Olivier Roche en r\u00e9p\u00e9tition g\u00e9n\u00e9rale avant le 1er Mars et le vernissage au Staps \u00e0 12h30.","rel":"","context":"Dans &quot;Non class\u00e9&quot;","block_context":{"text":"Non class\u00e9","link":"https:\/\/no-made.net\/index.php\/category\/non-classe\/"},"img":{"alt_text":"roche-staps-1","src":"https:\/\/i0.wp.com\/no-made.net\/wp-content\/uploads\/2016\/02\/roche-staps-1-300x216.jpg?resize=350%2C200","width":350,"height":200},"classes":[]},{"id":1567,"url":"https:\/\/no-made.net\/index.php\/prochaine-ag\/","url_meta":{"origin":369,"position":2},"title":"Derni\u00e8res AGs","author":"no-made","date":"21 septembre 2021","format":false,"excerpt":"Derni\u00e8re AG du 3 avril 2026 \u00e0 l'Orange Bleue chez Louis Doll\u00e9, 2 rue de Jussieu, \u00e0 Nice Assemble\u0301e Ge\u0301ne\u0301rale 2026 compte renduT\u00e9l\u00e9charger AG du 21 novembre 2025 \u00e0 l'\u00e9cole d'art l'Orange Bleue chez Louis Doll\u00e9, 2 rue de Jussieu, \u00e0 Nice compte rendu Assemble\u0301e ge\u0301ne\u0301rale no-made2024 sign\u00e9T\u00e9l\u00e9charger AG pr\u00e9c\u00e9dente\u2026","rel":"","context":"Dans &quot;Non class\u00e9&quot;","block_context":{"text":"Non class\u00e9","link":"https:\/\/no-made.net\/index.php\/category\/non-classe\/"},"img":{"alt_text":"","src":"","width":0,"height":0},"classes":[]},{"id":361,"url":"https:\/\/no-made.net\/index.php\/actualites-2017\/","url_meta":{"origin":369,"position":3},"title":"Actualit\u00e9s 2017","author":"no-made","date":"3 f\u00e9vrier 2017","format":false,"excerpt":"L'ann\u00e9e commence par une r\u00e9union de r\u00e9flexion : Compte Rendu\u00a0 de la r\u00e9union du 20 janvier. et par le d\u00e9cret d\u00e9signant le th\u00e8me des expositions pour 2017 : La d\u00e9mat\u00e9rialisation","rel":"","context":"Dans &quot;Non class\u00e9&quot;","block_context":{"text":"Non class\u00e9","link":"https:\/\/no-made.net\/index.php\/category\/non-classe\/"},"img":{"alt_text":"","src":"","width":0,"height":0},"classes":[]},{"id":1039,"url":"https:\/\/no-made.net\/index.php\/in-vitro-in-vivo-veritas\/","url_meta":{"origin":369,"position":4},"title":"2020 : In Vitro, In Vivo","author":"no-made","date":"11 mai 2020","format":false,"excerpt":"Les circonstances tr\u00e8s exceptionnelles de l'ann\u00e9e 2020 nous ont conduits \u00e0 reporter l'expo des 20 ans de no-made \u00e0 Cap d'Ail sur le th\u00e8me de \"Chronique\" \u00e0 2021 et \u00e0 proposer en lieu et place, le travail des artistes autour de \"in vitro in vivo\" Une expo tr\u00e8s r\u00e9ussie, des\u2026","rel":"","context":"Dans &quot;Non class\u00e9&quot;","block_context":{"text":"Non class\u00e9","link":"https:\/\/no-made.net\/index.php\/category\/non-classe\/"},"img":{"alt_text":"","src":"https:\/\/i0.wp.com\/no-made.net\/wp-content\/uploads\/2020\/10\/8-1-scaled.jpg?resize=350%2C200","width":350,"height":200,"srcset":"https:\/\/i0.wp.com\/no-made.net\/wp-content\/uploads\/2020\/10\/8-1-scaled.jpg?resize=350%2C200 1x, https:\/\/i0.wp.com\/no-made.net\/wp-content\/uploads\/2020\/10\/8-1-scaled.jpg?resize=525%2C300 1.5x, https:\/\/i0.wp.com\/no-made.net\/wp-content\/uploads\/2020\/10\/8-1-scaled.jpg?resize=700%2C400 2x, https:\/\/i0.wp.com\/no-made.net\/wp-content\/uploads\/2020\/10\/8-1-scaled.jpg?resize=1050%2C600 3x, https:\/\/i0.wp.com\/no-made.net\/wp-content\/uploads\/2020\/10\/8-1-scaled.jpg?resize=1400%2C800 4x"},"classes":[]},{"id":635,"url":"https:\/\/no-made.net\/index.php\/vernissage-2\/","url_meta":{"origin":369,"position":5},"title":"Vernissage","author":"no-made","date":"11 juin 2018","format":false,"excerpt":"Le vernissage de l'exposition \"acclimatation\" a eu lieu dans une ambiance champ\u00eatre. \u00a0 \u00a0 \u00a0 \u00a0 \u00a0 Pour la suite, le site de l'exposition est : ICI","rel":"","context":"Dans &quot;Non class\u00e9&quot;","block_context":{"text":"Non class\u00e9","link":"https:\/\/no-made.net\/index.php\/category\/non-classe\/"},"img":{"alt_text":"","src":"https:\/\/i0.wp.com\/no-made.net\/wp-content\/uploads\/2018\/06\/vernissage-thuret-300x200.jpg?resize=350%2C200","width":350,"height":200},"classes":[]}],"_links":{"self":[{"href":"https:\/\/no-made.net\/index.php\/wp-json\/wp\/v2\/posts\/369","targetHints":{"allow":["GET"]}}],"collection":[{"href":"https:\/\/no-made.net\/index.php\/wp-json\/wp\/v2\/posts"}],"about":[{"href":"https:\/\/no-made.net\/index.php\/wp-json\/wp\/v2\/types\/post"}],"author":[{"embeddable":true,"href":"https:\/\/no-made.net\/index.php\/wp-json\/wp\/v2\/users\/1"}],"replies":[{"embeddable":true,"href":"https:\/\/no-made.net\/index.php\/wp-json\/wp\/v2\/comments?post=369"}],"version-history":[{"count":4,"href":"https:\/\/no-made.net\/index.php\/wp-json\/wp\/v2\/posts\/369\/revisions"}],"predecessor-version":[{"id":382,"href":"https:\/\/no-made.net\/index.php\/wp-json\/wp\/v2\/posts\/369\/revisions\/382"}],"wp:attachment":[{"href":"https:\/\/no-made.net\/index.php\/wp-json\/wp\/v2\/media?parent=369"}],"wp:term":[{"taxonomy":"category","embeddable":true,"href":"https:\/\/no-made.net\/index.php\/wp-json\/wp\/v2\/categories?post=369"},{"taxonomy":"post_tag","embeddable":true,"href":"https:\/\/no-made.net\/index.php\/wp-json\/wp\/v2\/tags?post=369"}],"curies":[{"name":"wp","href":"https:\/\/api.w.org\/{rel}","templated":true}]}}