{"id":383,"date":"2017-05-12T15:15:45","date_gmt":"2017-05-12T14:15:45","guid":{"rendered":"http:\/\/no-made.net\/?p=383"},"modified":"2017-05-12T15:15:45","modified_gmt":"2017-05-12T14:15:45","slug":"dematerialisation","status":"publish","type":"post","link":"https:\/\/no-made.net\/index.php\/dematerialisation\/","title":{"rendered":"D\u00e9mat\u00e9rialisation"},"content":{"rendered":"<p>La prochaine exposition prend forme :<\/p>\n<p><a href=\"https:\/\/i0.wp.com\/no-made.net\/wp-content\/uploads\/2017\/05\/appel-cap-d-ail-2017.jpg?ssl=1\"><img data-recalc-dims=\"1\" loading=\"lazy\" decoding=\"async\" data-attachment-id=\"377\" data-permalink=\"https:\/\/no-made.net\/index.php\/dematerialisation\/appel-cap-d-ail-2017\/\" data-orig-file=\"https:\/\/i0.wp.com\/no-made.net\/wp-content\/uploads\/2017\/05\/appel-cap-d-ail-2017.jpg?fit=837%2C1133&amp;ssl=1\" data-orig-size=\"837,1133\" data-comments-opened=\"0\" data-image-meta=\"{&quot;aperture&quot;:&quot;0&quot;,&quot;credit&quot;:&quot;&quot;,&quot;camera&quot;:&quot;&quot;,&quot;caption&quot;:&quot;&quot;,&quot;created_timestamp&quot;:&quot;1494539618&quot;,&quot;copyright&quot;:&quot;&quot;,&quot;focal_length&quot;:&quot;0&quot;,&quot;iso&quot;:&quot;0&quot;,&quot;shutter_speed&quot;:&quot;0&quot;,&quot;title&quot;:&quot;&quot;,&quot;orientation&quot;:&quot;1&quot;}\" data-image-title=\"appel-cap-d-ail-2017\" data-image-description=\"\" data-image-caption=\"\" data-large-file=\"https:\/\/i0.wp.com\/no-made.net\/wp-content\/uploads\/2017\/05\/appel-cap-d-ail-2017.jpg?fit=660%2C894&amp;ssl=1\" class=\"aligncenter size-medium wp-image-377\" src=\"https:\/\/i0.wp.com\/no-made.net\/wp-content\/uploads\/2017\/05\/appel-cap-d-ail-2017.jpg?resize=222%2C300&#038;ssl=1\" alt=\"\" width=\"222\" height=\"300\" srcset=\"https:\/\/i0.wp.com\/no-made.net\/wp-content\/uploads\/2017\/05\/appel-cap-d-ail-2017.jpg?resize=222%2C300&amp;ssl=1 222w, https:\/\/i0.wp.com\/no-made.net\/wp-content\/uploads\/2017\/05\/appel-cap-d-ail-2017.jpg?resize=111%2C150&amp;ssl=1 111w, https:\/\/i0.wp.com\/no-made.net\/wp-content\/uploads\/2017\/05\/appel-cap-d-ail-2017.jpg?resize=756%2C1024&amp;ssl=1 756w, https:\/\/i0.wp.com\/no-made.net\/wp-content\/uploads\/2017\/05\/appel-cap-d-ail-2017.jpg?w=837&amp;ssl=1 837w\" sizes=\"auto, (max-width: 222px) 100vw, 222px\" \/><\/a><\/p>\n<p>Les d\u00e9tails de l&rsquo;appel se trouvent : <a href=\"https:\/\/no-made.net\/wp-content\/uploads\/2017\/05\/D\u00e9mat\u00e9rialisation-appel-\u00e0-projets.pdf\">\u00a0<span style=\"color: #0000ff;\">ICI<\/span><\/a><\/p>\n","protected":false},"excerpt":{"rendered":"<p>La prochaine exposition prend forme : Les d\u00e9tails de l&rsquo;appel se trouvent : \u00a0ICI<\/p>\n","protected":false},"author":1,"featured_media":0,"comment_status":"closed","ping_status":"closed","sticky":false,"template":"","format":"standard","meta":{"jetpack_post_was_ever_published":false,"_jetpack_newsletter_access":"","_jetpack_dont_email_post_to_subs":false,"_jetpack_newsletter_tier_id":0,"_jetpack_memberships_contains_paywalled_content":false,"_jetpack_memberships_contains_paid_content":false,"footnotes":"","jetpack_publicize_message":"","jetpack_publicize_feature_enabled":true,"jetpack_social_post_already_shared":true,"jetpack_social_options":{"image_generator_settings":{"template":"highway","default_image_id":0,"font":"","enabled":false},"version":2}},"categories":[1],"tags":[],"class_list":["post-383","post","type-post","status-publish","format-standard","hentry","category-non-classe"],"jetpack_publicize_connections":[],"jetpack_featured_media_url":"","jetpack_sharing_enabled":true,"jetpack_shortlink":"https:\/\/wp.me\/p7iEVt-6b","jetpack-related-posts":[{"id":361,"url":"https:\/\/no-made.net\/index.php\/actualites-2017\/","url_meta":{"origin":383,"position":0},"title":"Actualit\u00e9s 2017","author":"no-made","date":"3 f\u00e9vrier 2017","format":false,"excerpt":"L'ann\u00e9e commence par une r\u00e9union de r\u00e9flexion : Compte Rendu\u00a0 de la r\u00e9union du 20 janvier. et par le d\u00e9cret d\u00e9signant le th\u00e8me des expositions pour 2017 : La d\u00e9mat\u00e9rialisation","rel":"","context":"Dans &quot;Non class\u00e9&quot;","block_context":{"text":"Non class\u00e9","link":"https:\/\/no-made.net\/index.php\/category\/non-classe\/"},"img":{"alt_text":"","src":"","width":0,"height":0},"classes":[]},{"id":403,"url":"https:\/\/no-made.net\/index.php\/invitation-a-lexposition-dematerialisation\/","url_meta":{"origin":383,"position":1},"title":"Invitation \u00e0 la d\u00e9mat\u00e9rialisation","author":"no-made","date":"9 ao\u00fbt 2017","format":false,"excerpt":"Cap d'Ail vendredi 8 septembre \u00e0 17h ! \u00a0","rel":"","context":"Dans &quot;Non class\u00e9&quot;","block_context":{"text":"Non class\u00e9","link":"https:\/\/no-made.net\/index.php\/category\/non-classe\/"},"img":{"alt_text":"","src":"https:\/\/i0.wp.com\/no-made.net\/wp-content\/uploads\/2017\/08\/invitCapdAil2017.jpg?resize=350%2C200","width":350,"height":200,"srcset":"https:\/\/i0.wp.com\/no-made.net\/wp-content\/uploads\/2017\/08\/invitCapdAil2017.jpg?resize=350%2C200 1x, https:\/\/i0.wp.com\/no-made.net\/wp-content\/uploads\/2017\/08\/invitCapdAil2017.jpg?resize=525%2C300 1.5x"},"classes":[]},{"id":878,"url":"https:\/\/no-made.net\/index.php\/appel-a-projet-2\/","url_meta":{"origin":383,"position":2},"title":"Appel \u00e0 projet","author":"no-made","date":"13 mai 2019","format":false,"excerpt":"Cap d'Ail Septembre 2019 Une exposition \u00e0 B\u00e2tir","rel":"","context":"Dans &quot;Non class\u00e9&quot;","block_context":{"text":"Non class\u00e9","link":"https:\/\/no-made.net\/index.php\/category\/non-classe\/"},"img":{"alt_text":"","src":"","width":0,"height":0},"classes":[]},{"id":244,"url":"https:\/\/no-made.net\/index.php\/nouvelles-du-staps\/","url_meta":{"origin":383,"position":3},"title":"Nouvelles du STAPS","author":"no-made","date":"25 mars 2016","format":false,"excerpt":"Enfin une exposition prend de la hauteur : Et un carnet \u00a0de la part de Patrick Demazeau dit MADE : carnet d'humeur \u00a0","rel":"","context":"Dans &quot;Non class\u00e9&quot;","block_context":{"text":"Non class\u00e9","link":"https:\/\/no-made.net\/index.php\/category\/non-classe\/"},"img":{"alt_text":"Gibelin-avion-web","src":"https:\/\/i0.wp.com\/no-made.net\/wp-content\/uploads\/2016\/03\/Gibelin-avion-web-300x170.jpg?resize=350%2C200","width":350,"height":200},"classes":[]},{"id":576,"url":"https:\/\/no-made.net\/index.php\/le-printemps-revient\/","url_meta":{"origin":383,"position":4},"title":"Le printemps revient","author":"no-made","date":"22 mai 2018","format":false,"excerpt":"no-made a des acquaintances particuli\u00e8res avec les jardins et le printemps. La chose se confirme avec une exposition au Jardin Thuret \u00e0 Antibes pendant l'\u00e9t\u00e9 : \u00a0 \u00a0 \u00a0 \u00a0 \u00a0 \u00a0 Mais aussi la pr\u00e9paration de l'exposition f\u00e9tiche \u00e0 la Villa Roc Fleuri \u00e0 Cap d' Ail : appel\u2026","rel":"","context":"Dans &quot;Non class\u00e9&quot;","block_context":{"text":"Non class\u00e9","link":"https:\/\/no-made.net\/index.php\/category\/non-classe\/"},"img":{"alt_text":"","src":"https:\/\/i0.wp.com\/no-made.net\/wp-content\/uploads\/2018\/05\/affiche-acclimatation-feuille-bleu-216x300.jpg?resize=350%2C200","width":350,"height":200},"classes":[]},{"id":2437,"url":"https:\/\/no-made.net\/index.php\/nouvel-article-monaco-info-larboretum-inaugure-son-exposition-permanente\/","url_meta":{"origin":383,"position":5},"title":"Article Monaco info &#8211; l&rsquo;Arboretum inaugure son exposition permanente &#8211; octobre 2022","author":"no-made","date":"7 octobre 2022","format":false,"excerpt":"Environnement : L'Arboretum Marcel Kroenlein inaugure son exposition permanente; Monaco Info L\u2019arboretum de Roure, un mus\u00e9e v\u00e9g\u00e9tal \u00e0 ciel ouvert - D\u00e9partement des Alpes-Maritimes (departement06.fr)","rel":"","context":"Dans &quot;Non class\u00e9&quot;","block_context":{"text":"Non class\u00e9","link":"https:\/\/no-made.net\/index.php\/category\/non-classe\/"},"img":{"alt_text":"","src":"https:\/\/i0.wp.com\/no-made.net\/wp-content\/uploads\/2022\/10\/Monaco-Info.jpg?resize=350%2C200&ssl=1","width":350,"height":200,"srcset":"https:\/\/i0.wp.com\/no-made.net\/wp-content\/uploads\/2022\/10\/Monaco-Info.jpg?resize=350%2C200&ssl=1 1x, https:\/\/i0.wp.com\/no-made.net\/wp-content\/uploads\/2022\/10\/Monaco-Info.jpg?resize=525%2C300&ssl=1 1.5x, https:\/\/i0.wp.com\/no-made.net\/wp-content\/uploads\/2022\/10\/Monaco-Info.jpg?resize=700%2C400&ssl=1 2x"},"classes":[]}],"_links":{"self":[{"href":"https:\/\/no-made.net\/index.php\/wp-json\/wp\/v2\/posts\/383","targetHints":{"allow":["GET"]}}],"collection":[{"href":"https:\/\/no-made.net\/index.php\/wp-json\/wp\/v2\/posts"}],"about":[{"href":"https:\/\/no-made.net\/index.php\/wp-json\/wp\/v2\/types\/post"}],"author":[{"embeddable":true,"href":"https:\/\/no-made.net\/index.php\/wp-json\/wp\/v2\/users\/1"}],"replies":[{"embeddable":true,"href":"https:\/\/no-made.net\/index.php\/wp-json\/wp\/v2\/comments?post=383"}],"version-history":[{"count":1,"href":"https:\/\/no-made.net\/index.php\/wp-json\/wp\/v2\/posts\/383\/revisions"}],"predecessor-version":[{"id":384,"href":"https:\/\/no-made.net\/index.php\/wp-json\/wp\/v2\/posts\/383\/revisions\/384"}],"wp:attachment":[{"href":"https:\/\/no-made.net\/index.php\/wp-json\/wp\/v2\/media?parent=383"}],"wp:term":[{"taxonomy":"category","embeddable":true,"href":"https:\/\/no-made.net\/index.php\/wp-json\/wp\/v2\/categories?post=383"},{"taxonomy":"post_tag","embeddable":true,"href":"https:\/\/no-made.net\/index.php\/wp-json\/wp\/v2\/tags?post=383"}],"curies":[{"name":"wp","href":"https:\/\/api.w.org\/{rel}","templated":true}]}}