{"id":428,"date":"2017-09-15T15:39:03","date_gmt":"2017-09-15T14:39:03","guid":{"rendered":"http:\/\/no-made.net\/?p=428"},"modified":"2017-09-15T15:44:55","modified_gmt":"2017-09-15T14:44:55","slug":"invitation-nouvelle","status":"publish","type":"post","link":"https:\/\/no-made.net\/index.php\/invitation-nouvelle\/","title":{"rendered":"Invitation nouvelle"},"content":{"rendered":"<p>Samedi 16 septembre, toute la journ\u00e9e no-made invite \u00e0 de nouvelles d\u00e9couvertes.<\/p>\n<p><a href=\"https:\/\/i0.wp.com\/no-made.net\/wp-content\/uploads\/2017\/09\/invitCapdAil2017samedi16.jpg?ssl=1\"><img data-recalc-dims=\"1\" loading=\"lazy\" decoding=\"async\" data-attachment-id=\"432\" data-permalink=\"https:\/\/no-made.net\/index.php\/invitation-nouvelle\/invitcapdail2017samedi16-2\/\" data-orig-file=\"https:\/\/i0.wp.com\/no-made.net\/wp-content\/uploads\/2017\/09\/invitCapdAil2017samedi16.jpg?fit=2480%2C1770&amp;ssl=1\" data-orig-size=\"2480,1770\" data-comments-opened=\"0\" data-image-meta=\"{&quot;aperture&quot;:&quot;0&quot;,&quot;credit&quot;:&quot;&quot;,&quot;camera&quot;:&quot;&quot;,&quot;caption&quot;:&quot;&quot;,&quot;created_timestamp&quot;:&quot;0&quot;,&quot;copyright&quot;:&quot;&quot;,&quot;focal_length&quot;:&quot;0&quot;,&quot;iso&quot;:&quot;0&quot;,&quot;shutter_speed&quot;:&quot;0&quot;,&quot;title&quot;:&quot;invitCapd&#039;Ail2017samedi16&quot;,&quot;orientation&quot;:&quot;1&quot;}\" data-image-title=\"invitCapd&amp;rsquo;Ail2017samedi16\" data-image-description=\"\" data-image-caption=\"\" data-large-file=\"https:\/\/i0.wp.com\/no-made.net\/wp-content\/uploads\/2017\/09\/invitCapdAil2017samedi16.jpg?fit=660%2C471&amp;ssl=1\" class=\"aligncenter wp-image-432 size-large\" src=\"https:\/\/i0.wp.com\/no-made.net\/wp-content\/uploads\/2017\/09\/invitCapdAil2017samedi16.jpg?resize=660%2C471&#038;ssl=1\" alt=\"\" width=\"660\" height=\"471\" srcset=\"https:\/\/i0.wp.com\/no-made.net\/wp-content\/uploads\/2017\/09\/invitCapdAil2017samedi16.jpg?resize=1024%2C731&amp;ssl=1 1024w, https:\/\/i0.wp.com\/no-made.net\/wp-content\/uploads\/2017\/09\/invitCapdAil2017samedi16.jpg?resize=150%2C107&amp;ssl=1 150w, https:\/\/i0.wp.com\/no-made.net\/wp-content\/uploads\/2017\/09\/invitCapdAil2017samedi16.jpg?resize=300%2C214&amp;ssl=1 300w, https:\/\/i0.wp.com\/no-made.net\/wp-content\/uploads\/2017\/09\/invitCapdAil2017samedi16.jpg?w=1320&amp;ssl=1 1320w, https:\/\/i0.wp.com\/no-made.net\/wp-content\/uploads\/2017\/09\/invitCapdAil2017samedi16.jpg?w=1980&amp;ssl=1 1980w\" sizes=\"auto, (max-width: 660px) 100vw, 660px\" \/><\/a><\/p>\n<p>&nbsp;<\/p>\n","protected":false},"excerpt":{"rendered":"<p>Samedi 16 septembre, toute la journ\u00e9e no-made invite \u00e0 de nouvelles d\u00e9couvertes. &nbsp;<\/p>\n","protected":false},"author":1,"featured_media":0,"comment_status":"closed","ping_status":"closed","sticky":false,"template":"","format":"standard","meta":{"jetpack_post_was_ever_published":false,"_jetpack_newsletter_access":"","_jetpack_dont_email_post_to_subs":false,"_jetpack_newsletter_tier_id":0,"_jetpack_memberships_contains_paywalled_content":false,"_jetpack_memberships_contains_paid_content":false,"footnotes":"","jetpack_publicize_message":"","jetpack_publicize_feature_enabled":true,"jetpack_social_post_already_shared":true,"jetpack_social_options":{"image_generator_settings":{"template":"highway","default_image_id":0,"font":"","enabled":false},"version":2}},"categories":[1],"tags":[],"class_list":["post-428","post","type-post","status-publish","format-standard","hentry","category-non-classe"],"jetpack_publicize_connections":[],"jetpack_featured_media_url":"","jetpack_sharing_enabled":true,"jetpack_shortlink":"https:\/\/wp.me\/p7iEVt-6U","jetpack-related-posts":[{"id":403,"url":"https:\/\/no-made.net\/index.php\/invitation-a-lexposition-dematerialisation\/","url_meta":{"origin":428,"position":0},"title":"Invitation \u00e0 la d\u00e9mat\u00e9rialisation","author":"no-made","date":"9 ao\u00fbt 2017","format":false,"excerpt":"Cap d'Ail vendredi 8 septembre \u00e0 17h ! \u00a0","rel":"","context":"Dans &quot;Non class\u00e9&quot;","block_context":{"text":"Non class\u00e9","link":"https:\/\/no-made.net\/index.php\/category\/non-classe\/"},"img":{"alt_text":"","src":"https:\/\/i0.wp.com\/no-made.net\/wp-content\/uploads\/2017\/08\/invitCapdAil2017.jpg?resize=350%2C200","width":350,"height":200,"srcset":"https:\/\/i0.wp.com\/no-made.net\/wp-content\/uploads\/2017\/08\/invitCapdAil2017.jpg?resize=350%2C200 1x, https:\/\/i0.wp.com\/no-made.net\/wp-content\/uploads\/2017\/08\/invitCapdAil2017.jpg?resize=525%2C300 1.5x"},"classes":[]},{"id":706,"url":"https:\/\/no-made.net\/index.php\/rentree-sauvage\/","url_meta":{"origin":428,"position":1},"title":"Rentr\u00e9e sauvage","author":"no-made","date":"3 septembre 2018","format":false,"excerpt":"Cap d'Ail 2018, invitation au jardin du Roc Fleuri, vendredi 7 septembre \u00e0 17h, 10 artistes, une compagnie, un hommage. \u00a0","rel":"","context":"Dans &quot;Non class\u00e9&quot;","block_context":{"text":"Non class\u00e9","link":"https:\/\/no-made.net\/index.php\/category\/non-classe\/"},"img":{"alt_text":"","src":"https:\/\/i0.wp.com\/no-made.net\/wp-content\/uploads\/2018\/09\/capdail-Invitation-2018.jpg?resize=350%2C200","width":350,"height":200,"srcset":"https:\/\/i0.wp.com\/no-made.net\/wp-content\/uploads\/2018\/09\/capdail-Invitation-2018.jpg?resize=350%2C200 1x, https:\/\/i0.wp.com\/no-made.net\/wp-content\/uploads\/2018\/09\/capdail-Invitation-2018.jpg?resize=525%2C300 1.5x, https:\/\/i0.wp.com\/no-made.net\/wp-content\/uploads\/2018\/09\/capdail-Invitation-2018.jpg?resize=700%2C400 2x"},"classes":[]},{"id":822,"url":"https:\/\/no-made.net\/index.php\/invitation-au-jardin\/","url_meta":{"origin":428,"position":2},"title":"Invitation au jardin","author":"no-made","date":"14 mars 2019","format":false,"excerpt":"no-made revient \u00e0 la villa Thuret pour une exposition intimiste.","rel":"","context":"Dans &quot;Non class\u00e9&quot;","block_context":{"text":"Non class\u00e9","link":"https:\/\/no-made.net\/index.php\/category\/non-classe\/"},"img":{"alt_text":"","src":"https:\/\/i0.wp.com\/no-made.net\/wp-content\/uploads\/2019\/03\/invitationThuret-2019-fond-gris.jpg?resize=350%2C200&ssl=1","width":350,"height":200,"srcset":"https:\/\/i0.wp.com\/no-made.net\/wp-content\/uploads\/2019\/03\/invitationThuret-2019-fond-gris.jpg?resize=350%2C200&ssl=1 1x, https:\/\/i0.wp.com\/no-made.net\/wp-content\/uploads\/2019\/03\/invitationThuret-2019-fond-gris.jpg?resize=525%2C300&ssl=1 1.5x, https:\/\/i0.wp.com\/no-made.net\/wp-content\/uploads\/2019\/03\/invitationThuret-2019-fond-gris.jpg?resize=700%2C400&ssl=1 2x"},"classes":[]},{"id":2283,"url":"https:\/\/no-made.net\/index.php\/un-article-sur-cap-dail-substrat-dans-la-stada-n-347-de-sept-2022\/","url_meta":{"origin":428,"position":3},"title":"Un article en page.16 dans La STRADA N\u00b0 347 de sept. 2022 pour SUBSTRAT &#8211; Le Roc Fleuri &#8211; Cap d&rsquo;Ail","author":"no-made","date":"7 septembre 2022","format":false,"excerpt":"L'ESSENCE DE L'ARTPour la 22e fois, le collectif no-made investit la Villa Le Roc Fleuri \u00e0 Cap d'Ail, du 4 au 27 septembre. Le th\u00e8me retenu cette ann\u00e9e : Substrat. no-made est un collectif d\u2019artistes tout \u00e0 fait atypique, de par sa p\u00e9rennit\u00e9, son ouverture et ses interventions en \"territoires\u2026","rel":"","context":"Dans &quot;Non class\u00e9&quot;","block_context":{"text":"Non class\u00e9","link":"https:\/\/no-made.net\/index.php\/category\/non-classe\/"},"img":{"alt_text":"","src":"https:\/\/i0.wp.com\/no-made.net\/wp-content\/uploads\/2022\/09\/Carton-SUBSTRAT11-scaled.jpg?resize=350%2C200&ssl=1","width":350,"height":200,"srcset":"https:\/\/i0.wp.com\/no-made.net\/wp-content\/uploads\/2022\/09\/Carton-SUBSTRAT11-scaled.jpg?resize=350%2C200&ssl=1 1x, https:\/\/i0.wp.com\/no-made.net\/wp-content\/uploads\/2022\/09\/Carton-SUBSTRAT11-scaled.jpg?resize=525%2C300&ssl=1 1.5x, https:\/\/i0.wp.com\/no-made.net\/wp-content\/uploads\/2022\/09\/Carton-SUBSTRAT11-scaled.jpg?resize=700%2C400&ssl=1 2x, https:\/\/i0.wp.com\/no-made.net\/wp-content\/uploads\/2022\/09\/Carton-SUBSTRAT11-scaled.jpg?resize=1050%2C600&ssl=1 3x, https:\/\/i0.wp.com\/no-made.net\/wp-content\/uploads\/2022\/09\/Carton-SUBSTRAT11-scaled.jpg?resize=1400%2C800&ssl=1 4x"},"classes":[]},{"id":244,"url":"https:\/\/no-made.net\/index.php\/nouvelles-du-staps\/","url_meta":{"origin":428,"position":4},"title":"Nouvelles du STAPS","author":"no-made","date":"25 mars 2016","format":false,"excerpt":"Enfin une exposition prend de la hauteur : Et un carnet \u00a0de la part de Patrick Demazeau dit MADE : carnet d'humeur \u00a0","rel":"","context":"Dans &quot;Non class\u00e9&quot;","block_context":{"text":"Non class\u00e9","link":"https:\/\/no-made.net\/index.php\/category\/non-classe\/"},"img":{"alt_text":"Gibelin-avion-web","src":"https:\/\/i0.wp.com\/no-made.net\/wp-content\/uploads\/2016\/03\/Gibelin-avion-web-300x170.jpg?resize=350%2C200","width":350,"height":200},"classes":[]},{"id":255,"url":"https:\/\/no-made.net\/index.php\/nouvelles-du-staps-2\/","url_meta":{"origin":428,"position":5},"title":"Nouvelles du Staps-2","author":"no-made","date":"5 avril 2016","format":false,"excerpt":"Lors de la rencontre du 29 Mars avec les \u00e9tudiants : \"le corps entre art et sciences\" : danse et r\u00e9flexions. \u00a0Danseurs : Yannick Cartier, Ludovic Balade. \u00a0 Artistes : St\u00e9phanie Lobry, Louis Doll\u00e9, Jean Pierre Joly, Denis Gibelin. \u00a0 \u00a0 \u00a0 \u00a0","rel":"","context":"Dans &quot;Non class\u00e9&quot;","block_context":{"text":"Non class\u00e9","link":"https:\/\/no-made.net\/index.php\/category\/non-classe\/"},"img":{"alt_text":"no-made-staps-hiphop2","src":"https:\/\/i0.wp.com\/no-made.net\/wp-content\/uploads\/2016\/04\/no-made-staps-hiphop2-300x225.jpg?resize=350%2C200","width":350,"height":200},"classes":[]}],"_links":{"self":[{"href":"https:\/\/no-made.net\/index.php\/wp-json\/wp\/v2\/posts\/428","targetHints":{"allow":["GET"]}}],"collection":[{"href":"https:\/\/no-made.net\/index.php\/wp-json\/wp\/v2\/posts"}],"about":[{"href":"https:\/\/no-made.net\/index.php\/wp-json\/wp\/v2\/types\/post"}],"author":[{"embeddable":true,"href":"https:\/\/no-made.net\/index.php\/wp-json\/wp\/v2\/users\/1"}],"replies":[{"embeddable":true,"href":"https:\/\/no-made.net\/index.php\/wp-json\/wp\/v2\/comments?post=428"}],"version-history":[{"count":5,"href":"https:\/\/no-made.net\/index.php\/wp-json\/wp\/v2\/posts\/428\/revisions"}],"predecessor-version":[{"id":434,"href":"https:\/\/no-made.net\/index.php\/wp-json\/wp\/v2\/posts\/428\/revisions\/434"}],"wp:attachment":[{"href":"https:\/\/no-made.net\/index.php\/wp-json\/wp\/v2\/media?parent=428"}],"wp:term":[{"taxonomy":"category","embeddable":true,"href":"https:\/\/no-made.net\/index.php\/wp-json\/wp\/v2\/categories?post=428"},{"taxonomy":"post_tag","embeddable":true,"href":"https:\/\/no-made.net\/index.php\/wp-json\/wp\/v2\/tags?post=428"}],"curies":[{"name":"wp","href":"https:\/\/api.w.org\/{rel}","templated":true}]}}