{"id":441,"date":"2017-09-25T17:17:44","date_gmt":"2017-09-25T16:17:44","guid":{"rendered":"http:\/\/no-made.net\/?p=441"},"modified":"2017-09-25T20:50:37","modified_gmt":"2017-09-25T19:50:37","slug":"un-dimanche-a-larboretum","status":"publish","type":"post","link":"https:\/\/no-made.net\/index.php\/un-dimanche-a-larboretum\/","title":{"rendered":"Un dimanche \u00e0 l&rsquo;arbor\u00e9tum"},"content":{"rendered":"<p>Le dimanche 8 octobre \u00e0 partir de 10H, pour les 30 ans de l&rsquo;arbor\u00e9tum, petit d\u00e9jeuner bucolique et pr\u00e9sentation du livre r\u00e9trospective des expositions de no-made \u00e0 Roure.<\/p>\n<p><a href=\"https:\/\/i0.wp.com\/no-made.net\/wp-content\/uploads\/2017\/09\/invitationarbo2017-web.jpg?ssl=1\"><img data-recalc-dims=\"1\" loading=\"lazy\" decoding=\"async\" data-attachment-id=\"439\" data-permalink=\"https:\/\/no-made.net\/index.php\/un-dimanche-a-larboretum\/invitationarbo2017-web\/\" data-orig-file=\"https:\/\/i0.wp.com\/no-made.net\/wp-content\/uploads\/2017\/09\/invitationarbo2017-web.jpg?fit=1000%2C475&amp;ssl=1\" data-orig-size=\"1000,475\" data-comments-opened=\"0\" data-image-meta=\"{&quot;aperture&quot;:&quot;0&quot;,&quot;credit&quot;:&quot;&quot;,&quot;camera&quot;:&quot;&quot;,&quot;caption&quot;:&quot;&quot;,&quot;created_timestamp&quot;:&quot;0&quot;,&quot;copyright&quot;:&quot;&quot;,&quot;focal_length&quot;:&quot;0&quot;,&quot;iso&quot;:&quot;0&quot;,&quot;shutter_speed&quot;:&quot;0&quot;,&quot;title&quot;:&quot;&quot;,&quot;orientation&quot;:&quot;0&quot;}\" data-image-title=\"invitationarbo2017-web\" data-image-description=\"\" data-image-caption=\"\" data-large-file=\"https:\/\/i0.wp.com\/no-made.net\/wp-content\/uploads\/2017\/09\/invitationarbo2017-web.jpg?fit=660%2C314&amp;ssl=1\" class=\"aligncenter wp-image-439 size-full\" src=\"https:\/\/i0.wp.com\/no-made.net\/wp-content\/uploads\/2017\/09\/invitationarbo2017-web.jpg?resize=660%2C314&#038;ssl=1\" alt=\"\" width=\"660\" height=\"314\" srcset=\"https:\/\/i0.wp.com\/no-made.net\/wp-content\/uploads\/2017\/09\/invitationarbo2017-web.jpg?w=1000&amp;ssl=1 1000w, https:\/\/i0.wp.com\/no-made.net\/wp-content\/uploads\/2017\/09\/invitationarbo2017-web.jpg?resize=150%2C71&amp;ssl=1 150w, https:\/\/i0.wp.com\/no-made.net\/wp-content\/uploads\/2017\/09\/invitationarbo2017-web.jpg?resize=300%2C143&amp;ssl=1 300w\" sizes=\"auto, (max-width: 660px) 100vw, 660px\" \/><\/a><\/p>\n","protected":false},"excerpt":{"rendered":"<p>Le dimanche 8 octobre \u00e0 partir de 10H, pour les 30 ans de l&rsquo;arbor\u00e9tum, petit d\u00e9jeuner bucolique et pr\u00e9sentation du livre r\u00e9trospective des expositions de no-made \u00e0 Roure.<\/p>\n","protected":false},"author":1,"featured_media":0,"comment_status":"closed","ping_status":"closed","sticky":false,"template":"","format":"standard","meta":{"jetpack_post_was_ever_published":false,"_jetpack_newsletter_access":"","_jetpack_dont_email_post_to_subs":false,"_jetpack_newsletter_tier_id":0,"_jetpack_memberships_contains_paywalled_content":false,"_jetpack_memberships_contains_paid_content":false,"footnotes":"","jetpack_publicize_message":"","jetpack_publicize_feature_enabled":true,"jetpack_social_post_already_shared":true,"jetpack_social_options":{"image_generator_settings":{"template":"highway","default_image_id":0,"font":"","enabled":false},"version":2}},"categories":[1],"tags":[],"class_list":["post-441","post","type-post","status-publish","format-standard","hentry","category-non-classe"],"jetpack_publicize_connections":[],"jetpack_featured_media_url":"","jetpack_sharing_enabled":true,"jetpack_shortlink":"https:\/\/wp.me\/p7iEVt-77","jetpack-related-posts":[{"id":309,"url":"https:\/\/no-made.net\/index.php\/arboretum-la-suite\/","url_meta":{"origin":441,"position":0},"title":"Rencontres, suite \u00e0 l&rsquo;arbor\u00e9tum","author":"no-made","date":"6 octobre 2016","format":false,"excerpt":"\u00a0 \u00a0","rel":"","context":"Dans &quot;Non class\u00e9&quot;","block_context":{"text":"Non class\u00e9","link":"https:\/\/no-made.net\/index.php\/category\/non-classe\/"},"img":{"alt_text":"affiche1","src":"https:\/\/i0.wp.com\/no-made.net\/wp-content\/uploads\/2016\/10\/affiche1-211x300.jpg?resize=350%2C200","width":350,"height":200},"classes":[]},{"id":2437,"url":"https:\/\/no-made.net\/index.php\/nouvel-article-monaco-info-larboretum-inaugure-son-exposition-permanente\/","url_meta":{"origin":441,"position":1},"title":"Article Monaco info &#8211; l&rsquo;Arboretum inaugure son exposition permanente &#8211; octobre 2022","author":"no-made","date":"7 octobre 2022","format":false,"excerpt":"Environnement : L'Arboretum Marcel Kroenlein inaugure son exposition permanente; Monaco Info L\u2019arboretum de Roure, un mus\u00e9e v\u00e9g\u00e9tal \u00e0 ciel ouvert - D\u00e9partement des Alpes-Maritimes (departement06.fr)","rel":"","context":"Dans &quot;Non class\u00e9&quot;","block_context":{"text":"Non class\u00e9","link":"https:\/\/no-made.net\/index.php\/category\/non-classe\/"},"img":{"alt_text":"","src":"https:\/\/i0.wp.com\/no-made.net\/wp-content\/uploads\/2022\/10\/Monaco-Info.jpg?resize=350%2C200&ssl=1","width":350,"height":200,"srcset":"https:\/\/i0.wp.com\/no-made.net\/wp-content\/uploads\/2022\/10\/Monaco-Info.jpg?resize=350%2C200&ssl=1 1x, https:\/\/i0.wp.com\/no-made.net\/wp-content\/uploads\/2022\/10\/Monaco-Info.jpg?resize=525%2C300&ssl=1 1.5x, https:\/\/i0.wp.com\/no-made.net\/wp-content\/uploads\/2022\/10\/Monaco-Info.jpg?resize=700%2C400&ssl=1 2x"},"classes":[]},{"id":1046,"url":"https:\/\/no-made.net\/index.php\/en-approche\/","url_meta":{"origin":441,"position":2},"title":"En approche","author":"no-made","date":"13 mars 2022","format":false,"excerpt":"Arboretum de Roure 2026 <-> le projet \"du\u00a0territoire partag\u00e9\"\u00a0lanc\u00e9 en 2023, continue en 2026 sur le th\u00e8me \u00ab\u00a0on peut r\u00e9fl\u00e9chir encore un peu\u2026\u00a0\u00bb.. Pour en savoir plus ..... cliquez ici ! AUTRES PROJETS : Un prolongement pour exposer \u00ab\u00a0hors les murs\u00a0\u00bb de l\u2019Arboretum au Trans\u2019Art caf\u00e9 \u00e0 Antibes au mois\u2026","rel":"","context":"Dans &quot;Non class\u00e9&quot;","block_context":{"text":"Non class\u00e9","link":"https:\/\/no-made.net\/index.php\/category\/non-classe\/"},"img":{"alt_text":"","src":"https:\/\/i0.wp.com\/no-made.net\/wp-content\/uploads\/2020\/10\/flyer-Arboretum-Roure.jpg?resize=350%2C200&ssl=1","width":350,"height":200,"srcset":"https:\/\/i0.wp.com\/no-made.net\/wp-content\/uploads\/2020\/10\/flyer-Arboretum-Roure.jpg?resize=350%2C200&ssl=1 1x, https:\/\/i0.wp.com\/no-made.net\/wp-content\/uploads\/2020\/10\/flyer-Arboretum-Roure.jpg?resize=525%2C300&ssl=1 1.5x, https:\/\/i0.wp.com\/no-made.net\/wp-content\/uploads\/2020\/10\/flyer-Arboretum-Roure.jpg?resize=700%2C400&ssl=1 2x, https:\/\/i0.wp.com\/no-made.net\/wp-content\/uploads\/2020\/10\/flyer-Arboretum-Roure.jpg?resize=1050%2C600&ssl=1 3x, https:\/\/i0.wp.com\/no-made.net\/wp-content\/uploads\/2020\/10\/flyer-Arboretum-Roure.jpg?resize=1400%2C800&ssl=1 4x"},"classes":[]},{"id":788,"url":"https:\/\/no-made.net\/index.php\/vernissage-a-larboretum-de-roure\/","url_meta":{"origin":441,"position":3},"title":"Vernissage \u00e0 l&rsquo;arbor\u00e9tum de Roure","author":"no-made","date":"8 octobre 2018","format":false,"excerpt":"Le dimanche 7 octobre 2018, mauvais temps mais bonne ch\u00e8re.. \u00a0","rel":"","context":"Dans &quot;Non class\u00e9&quot;","block_context":{"text":"Non class\u00e9","link":"https:\/\/no-made.net\/index.php\/category\/non-classe\/"},"img":{"alt_text":"","src":"https:\/\/i0.wp.com\/no-made.net\/wp-content\/uploads\/2018\/10\/nuages-roure-web-300x164.jpg?resize=350%2C200","width":350,"height":200},"classes":[]},{"id":456,"url":"https:\/\/no-made.net\/index.php\/le-grand-livre\/","url_meta":{"origin":441,"position":4},"title":"Le grand livre-update-6","author":"no-made","date":"8 octobre 2017","format":false,"excerpt":"Le samedi 17 f\u00e9vrier \u00e0 15 heures, c'est au tour de la Fnac de Monaco. Le samedi 10 f\u00e9vrier \u00e0 10 heures 30, \u00e0 la biblioth\u00e8que Louis Nuc\u00e9ra pr\u00e9sentation du livre et d'un film de Jean Claude Fraicher. Le mercredi 10 janvier \u00e0 la Librairie Mass\u00e9na \u00e0 19 heures, pr\u00e9sentation\u2026","rel":"","context":"Dans &quot;Non class\u00e9&quot;","block_context":{"text":"Non class\u00e9","link":"https:\/\/no-made.net\/index.php\/category\/non-classe\/"},"img":{"alt_text":"","src":"https:\/\/i0.wp.com\/no-made.net\/wp-content\/uploads\/2018\/02\/livre-bmn-web.jpg?resize=350%2C200","width":350,"height":200,"srcset":"https:\/\/i0.wp.com\/no-made.net\/wp-content\/uploads\/2018\/02\/livre-bmn-web.jpg?resize=350%2C200 1x, https:\/\/i0.wp.com\/no-made.net\/wp-content\/uploads\/2018\/02\/livre-bmn-web.jpg?resize=525%2C300 1.5x, https:\/\/i0.wp.com\/no-made.net\/wp-content\/uploads\/2018\/02\/livre-bmn-web.jpg?resize=700%2C400 2x"},"classes":[]},{"id":1463,"url":"https:\/\/no-made.net\/index.php\/no-made-et-les-jardins-dartistes-sur-le-site-de-larbo\/","url_meta":{"origin":441,"position":5},"title":"no-made et les Jardins d&rsquo;Artistes sur le site de l&rsquo;Arbo","author":"no-made","date":"13 mai 2021","format":false,"excerpt":"https:\/\/arboretum-roure.org\/festival-des-jardins-de-la-cote-dazur\/ Un article est paru dans \"La Principaut\u00e9\" en juin 2021 Article paru dans \"La Principaut\u00e9\" en juin 2021","rel":"","context":"Dans &quot;Non class\u00e9&quot;","block_context":{"text":"Non class\u00e9","link":"https:\/\/no-made.net\/index.php\/category\/non-classe\/"},"img":{"alt_text":"","src":"https:\/\/i0.wp.com\/no-made.net\/wp-content\/uploads\/2021\/06\/Article-La-Principaute.jpg?resize=350%2C200&ssl=1","width":350,"height":200,"srcset":"https:\/\/i0.wp.com\/no-made.net\/wp-content\/uploads\/2021\/06\/Article-La-Principaute.jpg?resize=350%2C200&ssl=1 1x, https:\/\/i0.wp.com\/no-made.net\/wp-content\/uploads\/2021\/06\/Article-La-Principaute.jpg?resize=525%2C300&ssl=1 1.5x"},"classes":[]}],"_links":{"self":[{"href":"https:\/\/no-made.net\/index.php\/wp-json\/wp\/v2\/posts\/441","targetHints":{"allow":["GET"]}}],"collection":[{"href":"https:\/\/no-made.net\/index.php\/wp-json\/wp\/v2\/posts"}],"about":[{"href":"https:\/\/no-made.net\/index.php\/wp-json\/wp\/v2\/types\/post"}],"author":[{"embeddable":true,"href":"https:\/\/no-made.net\/index.php\/wp-json\/wp\/v2\/users\/1"}],"replies":[{"embeddable":true,"href":"https:\/\/no-made.net\/index.php\/wp-json\/wp\/v2\/comments?post=441"}],"version-history":[{"count":3,"href":"https:\/\/no-made.net\/index.php\/wp-json\/wp\/v2\/posts\/441\/revisions"}],"predecessor-version":[{"id":453,"href":"https:\/\/no-made.net\/index.php\/wp-json\/wp\/v2\/posts\/441\/revisions\/453"}],"wp:attachment":[{"href":"https:\/\/no-made.net\/index.php\/wp-json\/wp\/v2\/media?parent=441"}],"wp:term":[{"taxonomy":"category","embeddable":true,"href":"https:\/\/no-made.net\/index.php\/wp-json\/wp\/v2\/categories?post=441"},{"taxonomy":"post_tag","embeddable":true,"href":"https:\/\/no-made.net\/index.php\/wp-json\/wp\/v2\/tags?post=441"}],"curies":[{"name":"wp","href":"https:\/\/api.w.org\/{rel}","templated":true}]}}