{"id":456,"date":"2017-10-08T17:25:16","date_gmt":"2017-10-08T16:25:16","guid":{"rendered":"http:\/\/no-made.net\/index.php\/2017\/10\/08\/le-grand-livre\/"},"modified":"2018-02-20T15:45:14","modified_gmt":"2018-02-20T14:45:14","slug":"le-grand-livre","status":"publish","type":"post","link":"https:\/\/no-made.net\/index.php\/le-grand-livre\/","title":{"rendered":"Le grand livre-update-6"},"content":{"rendered":"<p><a href=\"https:\/\/i0.wp.com\/no-made.net\/wp-content\/uploads\/2018\/02\/livre-fnac-web.jpg?ssl=1\"><img data-recalc-dims=\"1\" loading=\"lazy\" decoding=\"async\" data-attachment-id=\"527\" data-permalink=\"https:\/\/no-made.net\/index.php\/le-grand-livre\/livre-fnac-web\/\" data-orig-file=\"https:\/\/i0.wp.com\/no-made.net\/wp-content\/uploads\/2018\/02\/livre-fnac-web.jpg?fit=1200%2C800&amp;ssl=1\" data-orig-size=\"1200,800\" data-comments-opened=\"0\" data-image-meta=\"{&quot;aperture&quot;:&quot;0&quot;,&quot;credit&quot;:&quot;&quot;,&quot;camera&quot;:&quot;&quot;,&quot;caption&quot;:&quot;&quot;,&quot;created_timestamp&quot;:&quot;0&quot;,&quot;copyright&quot;:&quot;&quot;,&quot;focal_length&quot;:&quot;0&quot;,&quot;iso&quot;:&quot;0&quot;,&quot;shutter_speed&quot;:&quot;0&quot;,&quot;title&quot;:&quot;&quot;,&quot;orientation&quot;:&quot;0&quot;}\" data-image-title=\"livre-fnac-web\" data-image-description=\"\" data-image-caption=\"\" data-large-file=\"https:\/\/i0.wp.com\/no-made.net\/wp-content\/uploads\/2018\/02\/livre-fnac-web.jpg?fit=660%2C440&amp;ssl=1\" class=\"aligncenter size-medium wp-image-527\" src=\"https:\/\/i0.wp.com\/no-made.net\/wp-content\/uploads\/2018\/02\/livre-fnac-web.jpg?resize=300%2C200&#038;ssl=1\" alt=\"\" width=\"300\" height=\"200\" srcset=\"https:\/\/i0.wp.com\/no-made.net\/wp-content\/uploads\/2018\/02\/livre-fnac-web.jpg?resize=300%2C200&amp;ssl=1 300w, https:\/\/i0.wp.com\/no-made.net\/wp-content\/uploads\/2018\/02\/livre-fnac-web.jpg?resize=150%2C100&amp;ssl=1 150w, https:\/\/i0.wp.com\/no-made.net\/wp-content\/uploads\/2018\/02\/livre-fnac-web.jpg?resize=1024%2C683&amp;ssl=1 1024w, https:\/\/i0.wp.com\/no-made.net\/wp-content\/uploads\/2018\/02\/livre-fnac-web.jpg?w=1200&amp;ssl=1 1200w\" sizes=\"auto, (max-width: 300px) 100vw, 300px\" \/><\/a><\/p>\n<p><span style=\"color: #ff0000;\">Le samedi 17 f\u00e9vrier<\/span> \u00e0 15 heures, c&rsquo;est au tour de la <em><strong>Fnac de Monaco<\/strong><\/em>.<\/p>\n<p><a href=\"https:\/\/i0.wp.com\/no-made.net\/wp-content\/uploads\/2018\/02\/invitation-FNAC-MONACO-2.jpg?ssl=1\"><img data-recalc-dims=\"1\" loading=\"lazy\" decoding=\"async\" data-attachment-id=\"520\" data-permalink=\"https:\/\/no-made.net\/index.php\/le-grand-livre\/invitation-fnac-monaco-2\/\" data-orig-file=\"https:\/\/i0.wp.com\/no-made.net\/wp-content\/uploads\/2018\/02\/invitation-FNAC-MONACO-2.jpg?fit=800%2C375&amp;ssl=1\" data-orig-size=\"800,375\" data-comments-opened=\"0\" data-image-meta=\"{&quot;aperture&quot;:&quot;0&quot;,&quot;credit&quot;:&quot;&quot;,&quot;camera&quot;:&quot;&quot;,&quot;caption&quot;:&quot;&quot;,&quot;created_timestamp&quot;:&quot;0&quot;,&quot;copyright&quot;:&quot;&quot;,&quot;focal_length&quot;:&quot;0&quot;,&quot;iso&quot;:&quot;0&quot;,&quot;shutter_speed&quot;:&quot;0&quot;,&quot;title&quot;:&quot;&quot;,&quot;orientation&quot;:&quot;0&quot;}\" data-image-title=\"invitation-FNAC-MONACO-2\" data-image-description=\"\" data-image-caption=\"\" data-large-file=\"https:\/\/i0.wp.com\/no-made.net\/wp-content\/uploads\/2018\/02\/invitation-FNAC-MONACO-2.jpg?fit=660%2C309&amp;ssl=1\" class=\"aligncenter size-full wp-image-520\" src=\"https:\/\/i0.wp.com\/no-made.net\/wp-content\/uploads\/2018\/02\/invitation-FNAC-MONACO-2.jpg?resize=660%2C309&#038;ssl=1\" alt=\"\" width=\"660\" height=\"309\" srcset=\"https:\/\/i0.wp.com\/no-made.net\/wp-content\/uploads\/2018\/02\/invitation-FNAC-MONACO-2.jpg?w=800&amp;ssl=1 800w, https:\/\/i0.wp.com\/no-made.net\/wp-content\/uploads\/2018\/02\/invitation-FNAC-MONACO-2.jpg?resize=150%2C70&amp;ssl=1 150w, https:\/\/i0.wp.com\/no-made.net\/wp-content\/uploads\/2018\/02\/invitation-FNAC-MONACO-2.jpg?resize=300%2C141&amp;ssl=1 300w\" sizes=\"auto, (max-width: 660px) 100vw, 660px\" \/><\/a><a href=\"https:\/\/i0.wp.com\/no-made.net\/wp-content\/uploads\/2018\/02\/30x30-No-made-2.jpg?ssl=1\"><img data-recalc-dims=\"1\" loading=\"lazy\" decoding=\"async\" data-attachment-id=\"519\" data-permalink=\"https:\/\/no-made.net\/index.php\/le-grand-livre\/30x30-no-made-2\/\" data-orig-file=\"https:\/\/i0.wp.com\/no-made.net\/wp-content\/uploads\/2018\/02\/30x30-No-made-2.jpg?fit=375%2C375&amp;ssl=1\" data-orig-size=\"375,375\" data-comments-opened=\"0\" data-image-meta=\"{&quot;aperture&quot;:&quot;0&quot;,&quot;credit&quot;:&quot;&quot;,&quot;camera&quot;:&quot;&quot;,&quot;caption&quot;:&quot;&quot;,&quot;created_timestamp&quot;:&quot;0&quot;,&quot;copyright&quot;:&quot;&quot;,&quot;focal_length&quot;:&quot;0&quot;,&quot;iso&quot;:&quot;0&quot;,&quot;shutter_speed&quot;:&quot;0&quot;,&quot;title&quot;:&quot;&quot;,&quot;orientation&quot;:&quot;0&quot;}\" data-image-title=\"30&amp;#215;30-No-made-2\" data-image-description=\"\" data-image-caption=\"\" data-large-file=\"https:\/\/i0.wp.com\/no-made.net\/wp-content\/uploads\/2018\/02\/30x30-No-made-2.jpg?fit=375%2C375&amp;ssl=1\" class=\"aligncenter size-full wp-image-519\" src=\"https:\/\/i0.wp.com\/no-made.net\/wp-content\/uploads\/2018\/02\/30x30-No-made-2.jpg?resize=375%2C375&#038;ssl=1\" alt=\"\" width=\"375\" height=\"375\" srcset=\"https:\/\/i0.wp.com\/no-made.net\/wp-content\/uploads\/2018\/02\/30x30-No-made-2.jpg?w=375&amp;ssl=1 375w, https:\/\/i0.wp.com\/no-made.net\/wp-content\/uploads\/2018\/02\/30x30-No-made-2.jpg?resize=150%2C150&amp;ssl=1 150w, https:\/\/i0.wp.com\/no-made.net\/wp-content\/uploads\/2018\/02\/30x30-No-made-2.jpg?resize=300%2C300&amp;ssl=1 300w\" sizes=\"auto, (max-width: 375px) 100vw, 375px\" \/><\/a><\/p>\n<hr \/>\n<div data-carousel-extra='{&quot;blog_id&quot;:1,&quot;permalink&quot;:&quot;https:\/\/no-made.net\/index.php\/le-grand-livre\/&quot;}' id='gallery-1' class='gallery galleryid-456 gallery-columns-2 gallery-size-medium'><figure class='gallery-item'>\n\t\t\t<div class='gallery-icon landscape'>\n\t\t\t\t<a href='https:\/\/no-made.net\/livre-bmn-web\/'><img loading=\"lazy\" decoding=\"async\" width=\"300\" height=\"230\" src=\"https:\/\/i0.wp.com\/no-made.net\/wp-content\/uploads\/2018\/02\/livre-bmn-web.jpg?fit=300%2C230&amp;ssl=1\" class=\"attachment-medium size-medium\" alt=\"\" srcset=\"https:\/\/i0.wp.com\/no-made.net\/wp-content\/uploads\/2018\/02\/livre-bmn-web.jpg?w=800&amp;ssl=1 800w, https:\/\/i0.wp.com\/no-made.net\/wp-content\/uploads\/2018\/02\/livre-bmn-web.jpg?resize=150%2C115&amp;ssl=1 150w, https:\/\/i0.wp.com\/no-made.net\/wp-content\/uploads\/2018\/02\/livre-bmn-web.jpg?resize=300%2C230&amp;ssl=1 300w\" sizes=\"auto, (max-width: 300px) 100vw, 300px\" data-attachment-id=\"529\" data-permalink=\"https:\/\/no-made.net\/livre-bmn-web\/\" data-orig-file=\"https:\/\/i0.wp.com\/no-made.net\/wp-content\/uploads\/2018\/02\/livre-bmn-web.jpg?fit=800%2C614&amp;ssl=1\" data-orig-size=\"800,614\" data-comments-opened=\"0\" data-image-meta=\"{&quot;aperture&quot;:&quot;0&quot;,&quot;credit&quot;:&quot;&quot;,&quot;camera&quot;:&quot;&quot;,&quot;caption&quot;:&quot;&quot;,&quot;created_timestamp&quot;:&quot;0&quot;,&quot;copyright&quot;:&quot;&quot;,&quot;focal_length&quot;:&quot;0&quot;,&quot;iso&quot;:&quot;0&quot;,&quot;shutter_speed&quot;:&quot;0&quot;,&quot;title&quot;:&quot;&quot;,&quot;orientation&quot;:&quot;0&quot;}\" data-image-title=\"\" data-image-description=\"\" data-image-caption=\"\" data-large-file=\"https:\/\/i0.wp.com\/no-made.net\/wp-content\/uploads\/2018\/02\/livre-bmn-web.jpg?fit=660%2C507&amp;ssl=1\" \/><\/a>\n\t\t\t<\/div><\/figure><figure class='gallery-item'>\n\t\t\t<div class='gallery-icon landscape'>\n\t\t\t\t<a href='https:\/\/no-made.net\/livre-fnac-2-web\/'><img loading=\"lazy\" decoding=\"async\" width=\"300\" height=\"230\" src=\"https:\/\/i0.wp.com\/no-made.net\/wp-content\/uploads\/2018\/02\/livre-fnac-2-WEB.jpg?fit=300%2C230&amp;ssl=1\" class=\"attachment-medium size-medium\" alt=\"\" srcset=\"https:\/\/i0.wp.com\/no-made.net\/wp-content\/uploads\/2018\/02\/livre-fnac-2-WEB.jpg?w=800&amp;ssl=1 800w, https:\/\/i0.wp.com\/no-made.net\/wp-content\/uploads\/2018\/02\/livre-fnac-2-WEB.jpg?resize=150%2C115&amp;ssl=1 150w, https:\/\/i0.wp.com\/no-made.net\/wp-content\/uploads\/2018\/02\/livre-fnac-2-WEB.jpg?resize=300%2C230&amp;ssl=1 300w\" sizes=\"auto, (max-width: 300px) 100vw, 300px\" data-attachment-id=\"530\" data-permalink=\"https:\/\/no-made.net\/livre-fnac-2-web\/\" data-orig-file=\"https:\/\/i0.wp.com\/no-made.net\/wp-content\/uploads\/2018\/02\/livre-fnac-2-WEB.jpg?fit=800%2C614&amp;ssl=1\" data-orig-size=\"800,614\" data-comments-opened=\"0\" data-image-meta=\"{&quot;aperture&quot;:&quot;0&quot;,&quot;credit&quot;:&quot;&quot;,&quot;camera&quot;:&quot;&quot;,&quot;caption&quot;:&quot;&quot;,&quot;created_timestamp&quot;:&quot;0&quot;,&quot;copyright&quot;:&quot;&quot;,&quot;focal_length&quot;:&quot;0&quot;,&quot;iso&quot;:&quot;0&quot;,&quot;shutter_speed&quot;:&quot;0&quot;,&quot;title&quot;:&quot;&quot;,&quot;orientation&quot;:&quot;1&quot;}\" data-image-title=\"\" data-image-description=\"\" data-image-caption=\"\" data-large-file=\"https:\/\/i0.wp.com\/no-made.net\/wp-content\/uploads\/2018\/02\/livre-fnac-2-WEB.jpg?fit=660%2C507&amp;ssl=1\" \/><\/a>\n\t\t\t<\/div><\/figure>\n\t\t<\/div>\n\n<p><span style=\"color: #ff0000;\">Le samedi 10 f\u00e9vrier<\/span> \u00e0 10 heures 30, \u00e0 la <em><strong>biblioth\u00e8que Louis Nuc\u00e9ra<\/strong><\/em><\/p>\n<p>pr\u00e9sentation du livre et d&rsquo;un film de Jean Claude Fraicher.<\/p>\n<p><a href=\"https:\/\/i0.wp.com\/no-made.net\/wp-content\/uploads\/2018\/02\/invitation-BMVR-web.jpg?ssl=1\"><img data-recalc-dims=\"1\" loading=\"lazy\" decoding=\"async\" data-attachment-id=\"511\" data-permalink=\"https:\/\/no-made.net\/index.php\/le-grand-livre\/invitation-fnac-monaco\/\" data-orig-file=\"https:\/\/i0.wp.com\/no-made.net\/wp-content\/uploads\/2018\/02\/invitation-BMVR-web.jpg?fit=1000%2C454&amp;ssl=1\" data-orig-size=\"1000,454\" data-comments-opened=\"0\" data-image-meta=\"{&quot;aperture&quot;:&quot;0&quot;,&quot;credit&quot;:&quot;&quot;,&quot;camera&quot;:&quot;&quot;,&quot;caption&quot;:&quot;&quot;,&quot;created_timestamp&quot;:&quot;0&quot;,&quot;copyright&quot;:&quot;&quot;,&quot;focal_length&quot;:&quot;0&quot;,&quot;iso&quot;:&quot;0&quot;,&quot;shutter_speed&quot;:&quot;0&quot;,&quot;title&quot;:&quot;invitation FNAC MONACO&quot;,&quot;orientation&quot;:&quot;1&quot;}\" data-image-title=\"invitation-BMVR\" data-image-description=\"\" data-image-caption=\"\" data-large-file=\"https:\/\/i0.wp.com\/no-made.net\/wp-content\/uploads\/2018\/02\/invitation-BMVR-web.jpg?fit=660%2C300&amp;ssl=1\" class=\"aligncenter size-full wp-image-511\" src=\"https:\/\/i0.wp.com\/no-made.net\/wp-content\/uploads\/2018\/02\/invitation-BMVR-web.jpg?resize=660%2C300&#038;ssl=1\" alt=\"\" width=\"660\" height=\"300\" srcset=\"https:\/\/i0.wp.com\/no-made.net\/wp-content\/uploads\/2018\/02\/invitation-BMVR-web.jpg?w=1000&amp;ssl=1 1000w, https:\/\/i0.wp.com\/no-made.net\/wp-content\/uploads\/2018\/02\/invitation-BMVR-web.jpg?resize=150%2C68&amp;ssl=1 150w, https:\/\/i0.wp.com\/no-made.net\/wp-content\/uploads\/2018\/02\/invitation-BMVR-web.jpg?resize=300%2C136&amp;ssl=1 300w\" sizes=\"auto, (max-width: 660px) 100vw, 660px\" \/><\/a><\/p>\n<hr \/>\n<p><a href=\"https:\/\/i0.wp.com\/no-made.net\/wp-content\/uploads\/2018\/01\/vitrine-Massena-web.jpg?ssl=1\"><img data-recalc-dims=\"1\" loading=\"lazy\" decoding=\"async\" data-attachment-id=\"500\" data-permalink=\"https:\/\/no-made.net\/index.php\/le-grand-livre\/vitrine-massena-web\/\" data-orig-file=\"https:\/\/i0.wp.com\/no-made.net\/wp-content\/uploads\/2018\/01\/vitrine-Massena-web.jpg?fit=800%2C577&amp;ssl=1\" data-orig-size=\"800,577\" data-comments-opened=\"0\" data-image-meta=\"{&quot;aperture&quot;:&quot;0&quot;,&quot;credit&quot;:&quot;&quot;,&quot;camera&quot;:&quot;&quot;,&quot;caption&quot;:&quot;&quot;,&quot;created_timestamp&quot;:&quot;0&quot;,&quot;copyright&quot;:&quot;&quot;,&quot;focal_length&quot;:&quot;0&quot;,&quot;iso&quot;:&quot;0&quot;,&quot;shutter_speed&quot;:&quot;0&quot;,&quot;title&quot;:&quot;&quot;,&quot;orientation&quot;:&quot;0&quot;}\" data-image-title=\"vitrine-Massena-web\" data-image-description=\"\" data-image-caption=\"\" data-large-file=\"https:\/\/i0.wp.com\/no-made.net\/wp-content\/uploads\/2018\/01\/vitrine-Massena-web.jpg?fit=660%2C476&amp;ssl=1\" class=\"aligncenter size-full wp-image-500\" src=\"https:\/\/i0.wp.com\/no-made.net\/wp-content\/uploads\/2018\/01\/vitrine-Massena-web.jpg?resize=660%2C476&#038;ssl=1\" alt=\"\" width=\"660\" height=\"476\" srcset=\"https:\/\/i0.wp.com\/no-made.net\/wp-content\/uploads\/2018\/01\/vitrine-Massena-web.jpg?w=800&amp;ssl=1 800w, https:\/\/i0.wp.com\/no-made.net\/wp-content\/uploads\/2018\/01\/vitrine-Massena-web.jpg?resize=150%2C108&amp;ssl=1 150w, https:\/\/i0.wp.com\/no-made.net\/wp-content\/uploads\/2018\/01\/vitrine-Massena-web.jpg?resize=300%2C216&amp;ssl=1 300w\" sizes=\"auto, (max-width: 660px) 100vw, 660px\" \/><\/a><\/p>\n<p><span style=\"color: #ff0000;\">Le mercredi 10 janvier<\/span> \u00e0 la <em><strong>Librairie Mass\u00e9na<\/strong><\/em> \u00e0 19 heures,<\/p>\n<p>pr\u00e9sentation et signature du livre en pr\u00e9sence des artistes.<\/p>\n<p><a href=\"https:\/\/i0.wp.com\/no-made.net\/wp-content\/uploads\/2018\/01\/invitationarbo2017librairieMaasena-web.jpg?ssl=1\"><img data-recalc-dims=\"1\" loading=\"lazy\" decoding=\"async\" data-attachment-id=\"499\" data-permalink=\"https:\/\/no-made.net\/index.php\/le-grand-livre\/invitationarbo2017librairiemaasena-web\/\" data-orig-file=\"https:\/\/i0.wp.com\/no-made.net\/wp-content\/uploads\/2018\/01\/invitationarbo2017librairieMaasena-web.jpg?fit=1000%2C476&amp;ssl=1\" data-orig-size=\"1000,476\" data-comments-opened=\"0\" data-image-meta=\"{&quot;aperture&quot;:&quot;0&quot;,&quot;credit&quot;:&quot;&quot;,&quot;camera&quot;:&quot;&quot;,&quot;caption&quot;:&quot;&quot;,&quot;created_timestamp&quot;:&quot;0&quot;,&quot;copyright&quot;:&quot;&quot;,&quot;focal_length&quot;:&quot;0&quot;,&quot;iso&quot;:&quot;0&quot;,&quot;shutter_speed&quot;:&quot;0&quot;,&quot;title&quot;:&quot;&quot;,&quot;orientation&quot;:&quot;0&quot;}\" data-image-title=\"invitationarbo2017librairieMaasena-web\" data-image-description=\"\" data-image-caption=\"\" data-large-file=\"https:\/\/i0.wp.com\/no-made.net\/wp-content\/uploads\/2018\/01\/invitationarbo2017librairieMaasena-web.jpg?fit=660%2C314&amp;ssl=1\" class=\"aligncenter size-full wp-image-499\" src=\"https:\/\/i0.wp.com\/no-made.net\/wp-content\/uploads\/2018\/01\/invitationarbo2017librairieMaasena-web.jpg?resize=660%2C314&#038;ssl=1\" alt=\"\" width=\"660\" height=\"314\" srcset=\"https:\/\/i0.wp.com\/no-made.net\/wp-content\/uploads\/2018\/01\/invitationarbo2017librairieMaasena-web.jpg?w=1000&amp;ssl=1 1000w, https:\/\/i0.wp.com\/no-made.net\/wp-content\/uploads\/2018\/01\/invitationarbo2017librairieMaasena-web.jpg?resize=150%2C71&amp;ssl=1 150w, https:\/\/i0.wp.com\/no-made.net\/wp-content\/uploads\/2018\/01\/invitationarbo2017librairieMaasena-web.jpg?resize=300%2C143&amp;ssl=1 300w\" sizes=\"auto, (max-width: 660px) 100vw, 660px\" \/><\/a><\/p>\n<hr \/>\n<p>A voir : reportage sur\u00a0<span style=\"color: #0000ff;\"><a style=\"color: #0000ff;\" href=\"https:\/\/youtu.be\/hA79amGeN5Y\" target=\"_blank\" rel=\"noopener\"><strong>AZURTV<\/strong><\/a><\/span><\/p>\n<hr \/>\n<p><img data-recalc-dims=\"1\" loading=\"lazy\" decoding=\"async\" data-attachment-id=\"489\" data-permalink=\"https:\/\/no-made.net\/index.php\/le-grand-livre\/img_6182-1\/\" data-orig-file=\"https:\/\/i0.wp.com\/no-made.net\/wp-content\/uploads\/2017\/11\/img_6182-1.jpg?fit=1895%2C1896&amp;ssl=1\" data-orig-size=\"1895,1896\" data-comments-opened=\"0\" data-image-meta=\"{&quot;aperture&quot;:&quot;2.2&quot;,&quot;credit&quot;:&quot;&quot;,&quot;camera&quot;:&quot;iPhone 5s&quot;,&quot;caption&quot;:&quot;&quot;,&quot;created_timestamp&quot;:&quot;1511451554&quot;,&quot;copyright&quot;:&quot;&quot;,&quot;focal_length&quot;:&quot;4.15&quot;,&quot;iso&quot;:&quot;100&quot;,&quot;shutter_speed&quot;:&quot;0.03030303030303&quot;,&quot;title&quot;:&quot;&quot;,&quot;orientation&quot;:&quot;1&quot;}\" data-image-title=\"img_6182-1\" data-image-description=\"\" data-image-caption=\"\" data-large-file=\"https:\/\/i0.wp.com\/no-made.net\/wp-content\/uploads\/2017\/11\/img_6182-1.jpg?fit=660%2C660&amp;ssl=1\" class=\"wp-image-489\" src=\"https:\/\/i0.wp.com\/no-made.net\/wp-content\/uploads\/2017\/11\/img_6182-1.jpg?resize=660%2C660&#038;ssl=1\" width=\"660\" height=\"660\" srcset=\"https:\/\/i0.wp.com\/no-made.net\/wp-content\/uploads\/2017\/11\/img_6182-1.jpg?w=1895&amp;ssl=1 1895w, https:\/\/i0.wp.com\/no-made.net\/wp-content\/uploads\/2017\/11\/img_6182-1.jpg?resize=150%2C150&amp;ssl=1 150w, https:\/\/i0.wp.com\/no-made.net\/wp-content\/uploads\/2017\/11\/img_6182-1.jpg?resize=300%2C300&amp;ssl=1 300w, https:\/\/i0.wp.com\/no-made.net\/wp-content\/uploads\/2017\/11\/img_6182-1.jpg?resize=1024%2C1024&amp;ssl=1 1024w, https:\/\/i0.wp.com\/no-made.net\/wp-content\/uploads\/2017\/11\/img_6182-1.jpg?w=1320&amp;ssl=1 1320w\" sizes=\"auto, (max-width: 660px) 100vw, 660px\" \/><\/p>\n<p><span style=\"color: #ff0000;\">Le jeudi 23 novembre <\/span><span style=\"color: #ff0000;\"><span style=\"color: #000000;\">\u00e0 la<\/span><\/span><span style=\"color: #ff0000;\">\u00a0<\/span><span style=\"color: #ff0000;\"><span style=\"color: #000000;\"><strong><em>Librairie Ni\u00e7oise<\/em><\/strong><\/span><\/span><span style=\"color: #ff0000;\"><span style=\"color: #000000;\"> \u00e0 partir de 18 heure<\/span><\/span>s,<\/p>\n<p><span style=\"color: #ff0000;\"><span style=\"color: #000000;\">exposition \u00ab\u00a0Portraits d&rsquo; artistes\u00a0\u00bb, photographies de Jean Claude Fraicher,<\/span><\/span><\/p>\n<p><span style=\"color: #ff0000;\"><span style=\"color: #000000;\">pr\u00e9sentation et signature du livre par les artistes.<\/span><\/span><\/p>\n<p><a href=\"https:\/\/i0.wp.com\/no-made.net\/wp-content\/uploads\/2017\/11\/invitationarbo2017librairienicoisesmall.jpg?ssl=1\"><img data-recalc-dims=\"1\" loading=\"lazy\" decoding=\"async\" data-attachment-id=\"479\" data-permalink=\"https:\/\/no-made.net\/index.php\/le-grand-livre\/invitationarbo2017librairienicoisesmall\/\" data-orig-file=\"https:\/\/i0.wp.com\/no-made.net\/wp-content\/uploads\/2017\/11\/invitationarbo2017librairienicoisesmall.jpg?fit=1000%2C485&amp;ssl=1\" data-orig-size=\"1000,485\" data-comments-opened=\"0\" data-image-meta=\"{&quot;aperture&quot;:&quot;0&quot;,&quot;credit&quot;:&quot;&quot;,&quot;camera&quot;:&quot;&quot;,&quot;caption&quot;:&quot;&quot;,&quot;created_timestamp&quot;:&quot;0&quot;,&quot;copyright&quot;:&quot;&quot;,&quot;focal_length&quot;:&quot;0&quot;,&quot;iso&quot;:&quot;0&quot;,&quot;shutter_speed&quot;:&quot;0&quot;,&quot;title&quot;:&quot;&quot;,&quot;orientation&quot;:&quot;0&quot;}\" data-image-title=\"invitationarbo2017librairienicoisesmall\" data-image-description=\"\" data-image-caption=\"\" data-large-file=\"https:\/\/i0.wp.com\/no-made.net\/wp-content\/uploads\/2017\/11\/invitationarbo2017librairienicoisesmall.jpg?fit=660%2C320&amp;ssl=1\" class=\"wp-image-479 aligncenter size-full\" src=\"https:\/\/i0.wp.com\/no-made.net\/wp-content\/uploads\/2017\/11\/invitationarbo2017librairienicoisesmall.jpg?resize=660%2C320&#038;ssl=1\" alt=\"\" width=\"660\" height=\"320\" srcset=\"https:\/\/i0.wp.com\/no-made.net\/wp-content\/uploads\/2017\/11\/invitationarbo2017librairienicoisesmall.jpg?w=1000&amp;ssl=1 1000w, https:\/\/i0.wp.com\/no-made.net\/wp-content\/uploads\/2017\/11\/invitationarbo2017librairienicoisesmall.jpg?resize=150%2C73&amp;ssl=1 150w, https:\/\/i0.wp.com\/no-made.net\/wp-content\/uploads\/2017\/11\/invitationarbo2017librairienicoisesmall.jpg?resize=300%2C146&amp;ssl=1 300w\" sizes=\"auto, (max-width: 660px) 100vw, 660px\" \/><\/a><\/p>\n<hr \/>\n<p><a href=\"https:\/\/i0.wp.com\/no-made.net\/wp-content\/uploads\/2017\/10\/img_6059.jpg?ssl=1\"><span style=\"color: #ff0000;\"><img data-recalc-dims=\"1\" loading=\"lazy\" decoding=\"async\" data-attachment-id=\"475\" data-permalink=\"https:\/\/no-made.net\/img_6059\/\" data-orig-file=\"https:\/\/i0.wp.com\/no-made.net\/wp-content\/uploads\/2017\/10\/img_6059.jpg?fit=3110%2C1954&amp;ssl=1\" data-orig-size=\"3110,1954\" data-comments-opened=\"0\" data-image-meta=\"{&quot;aperture&quot;:&quot;2.2&quot;,&quot;credit&quot;:&quot;&quot;,&quot;camera&quot;:&quot;iPhone 5s&quot;,&quot;caption&quot;:&quot;&quot;,&quot;created_timestamp&quot;:&quot;1509128168&quot;,&quot;copyright&quot;:&quot;&quot;,&quot;focal_length&quot;:&quot;4.15&quot;,&quot;iso&quot;:&quot;100&quot;,&quot;shutter_speed&quot;:&quot;0.03030303030303&quot;,&quot;title&quot;:&quot;&quot;,&quot;orientation&quot;:&quot;1&quot;}\" data-image-title=\"img_6059\" data-image-description=\"\" data-image-caption=\"\" data-large-file=\"https:\/\/i0.wp.com\/no-made.net\/wp-content\/uploads\/2017\/10\/img_6059.jpg?fit=660%2C414&amp;ssl=1\" class=\"alignnone wp-image-475\" src=\"https:\/\/i0.wp.com\/no-made.net\/wp-content\/uploads\/2017\/10\/img_6059.jpg?resize=660%2C415&#038;ssl=1\" alt=\"\" width=\"660\" height=\"415\" srcset=\"https:\/\/i0.wp.com\/no-made.net\/wp-content\/uploads\/2017\/10\/img_6059.jpg?w=3110&amp;ssl=1 3110w, https:\/\/i0.wp.com\/no-made.net\/wp-content\/uploads\/2017\/10\/img_6059.jpg?resize=150%2C94&amp;ssl=1 150w, https:\/\/i0.wp.com\/no-made.net\/wp-content\/uploads\/2017\/10\/img_6059.jpg?resize=300%2C188&amp;ssl=1 300w, https:\/\/i0.wp.com\/no-made.net\/wp-content\/uploads\/2017\/10\/img_6059.jpg?resize=1024%2C643&amp;ssl=1 1024w, https:\/\/i0.wp.com\/no-made.net\/wp-content\/uploads\/2017\/10\/img_6059.jpg?w=1320&amp;ssl=1 1320w, https:\/\/i0.wp.com\/no-made.net\/wp-content\/uploads\/2017\/10\/img_6059.jpg?w=1980&amp;ssl=1 1980w\" sizes=\"auto, (max-width: 660px) 100vw, 660px\" \/><\/span><\/a><\/p>\n<p><span style=\"color: #ff0000;\"><br \/>\n<\/span><\/p>\n<p><span style=\"color: #ff0000;\">Le vendredi 27 octobre<\/span> et apr\u00e8s l&rsquo;arbor\u00e9tum de Roure,<\/p>\n<p>le grand livre est pr\u00e9sent\u00e9 \u00e0 Nice, <strong><em>Librairie \u00a0Brouillon deCulture<\/em><\/strong>, ancienne La Sorbonne pour les nostalgiques, \u00e0 partir de 16 heures,<\/p>\n<p><a href=\"https:\/\/i0.wp.com\/no-made.net\/wp-content\/uploads\/2017\/10\/invitation-livre-e1508787180505.jpg?ssl=1\"><img data-recalc-dims=\"1\" loading=\"lazy\" decoding=\"async\" data-attachment-id=\"470\" data-permalink=\"https:\/\/no-made.net\/index.php\/le-grand-livre\/invitationarbo2017librairieweb\/\" data-orig-file=\"https:\/\/i0.wp.com\/no-made.net\/wp-content\/uploads\/2017\/10\/invitation-livre-e1508787180505.jpg?fit=1000%2C480&amp;ssl=1\" data-orig-size=\"1000,480\" data-comments-opened=\"0\" data-image-meta=\"{&quot;aperture&quot;:&quot;0&quot;,&quot;credit&quot;:&quot;&quot;,&quot;camera&quot;:&quot;&quot;,&quot;caption&quot;:&quot;&quot;,&quot;created_timestamp&quot;:&quot;0&quot;,&quot;copyright&quot;:&quot;&quot;,&quot;focal_length&quot;:&quot;0&quot;,&quot;iso&quot;:&quot;0&quot;,&quot;shutter_speed&quot;:&quot;0&quot;,&quot;title&quot;:&quot;invitationarbo2017librairieweb&quot;,&quot;orientation&quot;:&quot;1&quot;}\" data-image-title=\"invitationarbo2017librairieweb\" data-image-description=\"\" data-image-caption=\"\" data-large-file=\"https:\/\/i0.wp.com\/no-made.net\/wp-content\/uploads\/2017\/10\/invitation-livre-e1508787180505.jpg?fit=660%2C317&amp;ssl=1\" class=\"wp-image-470 size-large\" src=\"https:\/\/i0.wp.com\/no-made.net\/wp-content\/uploads\/2017\/10\/invitation-livre.jpg?resize=660%2C317&#038;ssl=1\" alt=\"\" width=\"660\" height=\"317\" \/><\/a><\/p>\n<hr \/>\n<p><a href=\"https:\/\/i0.wp.com\/no-made.net\/wp-content\/uploads\/2017\/10\/img_5994.jpg?ssl=1\"><img data-recalc-dims=\"1\" loading=\"lazy\" decoding=\"async\" data-attachment-id=\"454\" data-permalink=\"https:\/\/no-made.net\/img_5994\/\" data-orig-file=\"https:\/\/i0.wp.com\/no-made.net\/wp-content\/uploads\/2017\/10\/img_5994.jpg?fit=3264%2C2448&amp;ssl=1\" data-orig-size=\"3264,2448\" data-comments-opened=\"0\" data-image-meta=\"{&quot;aperture&quot;:&quot;2.2&quot;,&quot;credit&quot;:&quot;&quot;,&quot;camera&quot;:&quot;iPhone 5s&quot;,&quot;caption&quot;:&quot;&quot;,&quot;created_timestamp&quot;:&quot;1507468785&quot;,&quot;copyright&quot;:&quot;&quot;,&quot;focal_length&quot;:&quot;4.15&quot;,&quot;iso&quot;:&quot;32&quot;,&quot;shutter_speed&quot;:&quot;0.00055991041433371&quot;,&quot;title&quot;:&quot;&quot;,&quot;orientation&quot;:&quot;1&quot;}\" data-image-title=\"Arboretum\" data-image-description=\"\" data-image-caption=\"\" data-large-file=\"https:\/\/i0.wp.com\/no-made.net\/wp-content\/uploads\/2017\/10\/img_5994.jpg?fit=660%2C495&amp;ssl=1\" class=\"alignnone wp-image-454\" src=\"https:\/\/i0.wp.com\/no-made.net\/wp-content\/uploads\/2017\/10\/img_5994.jpg?resize=660%2C495&#038;ssl=1\" alt=\"\" width=\"660\" height=\"495\" srcset=\"https:\/\/i0.wp.com\/no-made.net\/wp-content\/uploads\/2017\/10\/img_5994.jpg?w=3264&amp;ssl=1 3264w, https:\/\/i0.wp.com\/no-made.net\/wp-content\/uploads\/2017\/10\/img_5994.jpg?resize=150%2C113&amp;ssl=1 150w, https:\/\/i0.wp.com\/no-made.net\/wp-content\/uploads\/2017\/10\/img_5994.jpg?resize=300%2C225&amp;ssl=1 300w, https:\/\/i0.wp.com\/no-made.net\/wp-content\/uploads\/2017\/10\/img_5994.jpg?resize=1024%2C768&amp;ssl=1 1024w, https:\/\/i0.wp.com\/no-made.net\/wp-content\/uploads\/2017\/10\/img_5994.jpg?w=1320&amp;ssl=1 1320w, https:\/\/i0.wp.com\/no-made.net\/wp-content\/uploads\/2017\/10\/img_5994.jpg?w=1980&amp;ssl=1 1980w\" sizes=\"auto, (max-width: 660px) 100vw, 660px\" \/><\/a><\/p>\n<p>Ce dimanche 8 octobre, pr\u00e9sentation du livre <b>no-made et l&rsquo;arbor\u00e9tum<\/b>. 30 ann\u00e9es d&rsquo;existence, 15 ann\u00e9es d&rsquo;expositions, 77 artistes.<\/p>\n<p>Il est possible d&rsquo;en suivre le reportage avec le Prince de Monaco<\/p>\n<p><strong><a href=\"http:\/\/www.monacochannel.mc\/Chaines\/Monaco-Info-Les-Reportages\/Videos\/Les-trente-ans-de-l-Arboretum-de-Roure\"><span style=\"color: #0000ff;\">ICI<\/span><\/a><\/strong><\/p>\n<p>et l\u00e0 dans le journal local :<\/p>\n<p><a href=\"https:\/\/i0.wp.com\/no-made.net\/wp-content\/uploads\/2017\/10\/arboretum-nice-matin-web.jpg?ssl=1\"><img data-recalc-dims=\"1\" loading=\"lazy\" decoding=\"async\" data-attachment-id=\"460\" data-permalink=\"https:\/\/no-made.net\/index.php\/le-grand-livre\/arboretum-nice-matin-web\/\" data-orig-file=\"https:\/\/i0.wp.com\/no-made.net\/wp-content\/uploads\/2017\/10\/arboretum-nice-matin-web.jpg?fit=701%2C1000&amp;ssl=1\" data-orig-size=\"701,1000\" data-comments-opened=\"0\" data-image-meta=\"{&quot;aperture&quot;:&quot;0&quot;,&quot;credit&quot;:&quot;&quot;,&quot;camera&quot;:&quot;&quot;,&quot;caption&quot;:&quot;&quot;,&quot;created_timestamp&quot;:&quot;0&quot;,&quot;copyright&quot;:&quot;&quot;,&quot;focal_length&quot;:&quot;0&quot;,&quot;iso&quot;:&quot;0&quot;,&quot;shutter_speed&quot;:&quot;0&quot;,&quot;title&quot;:&quot;&quot;,&quot;orientation&quot;:&quot;0&quot;}\" data-image-title=\"arboretum-nice-matin-web\" data-image-description=\"\" data-image-caption=\"\" data-large-file=\"https:\/\/i0.wp.com\/no-made.net\/wp-content\/uploads\/2017\/10\/arboretum-nice-matin-web.jpg?fit=660%2C942&amp;ssl=1\" class=\"wp-image-460 aligncenter size-full\" src=\"https:\/\/i0.wp.com\/no-made.net\/wp-content\/uploads\/2017\/10\/arboretum-nice-matin-web.jpg?resize=660%2C942&#038;ssl=1\" alt=\"\" width=\"660\" height=\"942\" srcset=\"https:\/\/i0.wp.com\/no-made.net\/wp-content\/uploads\/2017\/10\/arboretum-nice-matin-web.jpg?w=701&amp;ssl=1 701w, https:\/\/i0.wp.com\/no-made.net\/wp-content\/uploads\/2017\/10\/arboretum-nice-matin-web.jpg?resize=105%2C150&amp;ssl=1 105w, https:\/\/i0.wp.com\/no-made.net\/wp-content\/uploads\/2017\/10\/arboretum-nice-matin-web.jpg?resize=210%2C300&amp;ssl=1 210w\" sizes=\"auto, (max-width: 660px) 100vw, 660px\" \/><\/a><\/p>\n","protected":false},"excerpt":{"rendered":"<p>Le samedi 17 f\u00e9vrier \u00e0 15 heures, c&rsquo;est au tour de la Fnac de Monaco. Le samedi 10 f\u00e9vrier \u00e0 10 heures 30, \u00e0 la biblioth\u00e8que Louis Nuc\u00e9ra pr\u00e9sentation du livre et d&rsquo;un film de Jean Claude Fraicher. Le mercredi 10 janvier \u00e0 la Librairie Mass\u00e9na \u00e0 19 heures, pr\u00e9sentation et signature du livre en &hellip; <a href=\"https:\/\/no-made.net\/index.php\/le-grand-livre\/\" class=\"more-link\">Continuer la lecture de <span class=\"screen-reader-text\">Le grand livre-update-6<\/span><\/a><\/p>\n","protected":false},"author":1,"featured_media":0,"comment_status":"closed","ping_status":"closed","sticky":false,"template":"","format":"standard","meta":{"jetpack_post_was_ever_published":false,"_jetpack_newsletter_access":"","_jetpack_dont_email_post_to_subs":false,"_jetpack_newsletter_tier_id":0,"_jetpack_memberships_contains_paywalled_content":false,"_jetpack_memberships_contains_paid_content":false,"footnotes":"","jetpack_publicize_message":"","jetpack_publicize_feature_enabled":true,"jetpack_social_post_already_shared":true,"jetpack_social_options":{"image_generator_settings":{"template":"highway","default_image_id":0,"font":"","enabled":false},"version":2}},"categories":[1],"tags":[],"class_list":["post-456","post","type-post","status-publish","format-standard","hentry","category-non-classe"],"jetpack_publicize_connections":[],"jetpack_featured_media_url":"","jetpack_sharing_enabled":true,"jetpack_shortlink":"https:\/\/wp.me\/p7iEVt-7m","jetpack-related-posts":[{"id":428,"url":"https:\/\/no-made.net\/index.php\/invitation-nouvelle\/","url_meta":{"origin":456,"position":0},"title":"Invitation nouvelle","author":"no-made","date":"15 septembre 2017","format":false,"excerpt":"Samedi 16 septembre, toute la journ\u00e9e no-made invite \u00e0 de nouvelles d\u00e9couvertes. \u00a0","rel":"","context":"Dans &quot;Non class\u00e9&quot;","block_context":{"text":"Non class\u00e9","link":"https:\/\/no-made.net\/index.php\/category\/non-classe\/"},"img":{"alt_text":"","src":"https:\/\/i0.wp.com\/no-made.net\/wp-content\/uploads\/2017\/09\/invitCapdAil2017samedi16-1024x731.jpg?resize=350%2C200","width":350,"height":200,"srcset":"https:\/\/i0.wp.com\/no-made.net\/wp-content\/uploads\/2017\/09\/invitCapdAil2017samedi16-1024x731.jpg?resize=350%2C200 1x, https:\/\/i0.wp.com\/no-made.net\/wp-content\/uploads\/2017\/09\/invitCapdAil2017samedi16-1024x731.jpg?resize=525%2C300 1.5x"},"classes":[]},{"id":601,"url":"https:\/\/no-made.net\/index.php\/acclimatation\/","url_meta":{"origin":456,"position":1},"title":"Acclimatation","author":"no-made","date":"5 juin 2018","format":false,"excerpt":"Nouveau lieu dans l'escarcelle de no-made depuis le samedi 2 juin : le jardin de la villa Thuret \u00e0 Antibes. plan et emplacement des \u0153uvres livret-catalogue des artistes \u00a0","rel":"","context":"Dans &quot;Non class\u00e9&quot;","block_context":{"text":"Non class\u00e9","link":"https:\/\/no-made.net\/index.php\/category\/non-classe\/"},"img":{"alt_text":"","src":"","width":0,"height":0},"classes":[]},{"id":207,"url":"https:\/\/no-made.net\/index.php\/vernissage\/","url_meta":{"origin":456,"position":2},"title":"Vernissage","author":"no-made","date":"3 mars 2016","format":false,"excerpt":"Mardi 1er Mars, vernissage. L'exposition est accessible aux heures d'ouverture du Staps jusqu'\u00e0 fin Mai.","rel":"","context":"Dans &quot;Non class\u00e9&quot;","block_context":{"text":"Non class\u00e9","link":"https:\/\/no-made.net\/index.php\/category\/non-classe\/"},"img":{"alt_text":"vernissage-staps-web","src":"https:\/\/i0.wp.com\/no-made.net\/wp-content\/uploads\/2016\/03\/vernissage-staps-web-300x183.jpg?resize=350%2C200","width":350,"height":200},"classes":[]},{"id":788,"url":"https:\/\/no-made.net\/index.php\/vernissage-a-larboretum-de-roure\/","url_meta":{"origin":456,"position":3},"title":"Vernissage \u00e0 l&rsquo;arbor\u00e9tum de Roure","author":"no-made","date":"8 octobre 2018","format":false,"excerpt":"Le dimanche 7 octobre 2018, mauvais temps mais bonne ch\u00e8re.. \u00a0","rel":"","context":"Dans &quot;Non class\u00e9&quot;","block_context":{"text":"Non class\u00e9","link":"https:\/\/no-made.net\/index.php\/category\/non-classe\/"},"img":{"alt_text":"","src":"https:\/\/i0.wp.com\/no-made.net\/wp-content\/uploads\/2018\/10\/nuages-roure-web-300x164.jpg?resize=350%2C200","width":350,"height":200},"classes":[]},{"id":309,"url":"https:\/\/no-made.net\/index.php\/arboretum-la-suite\/","url_meta":{"origin":456,"position":4},"title":"Rencontres, suite \u00e0 l&rsquo;arbor\u00e9tum","author":"no-made","date":"6 octobre 2016","format":false,"excerpt":"\u00a0 \u00a0","rel":"","context":"Dans &quot;Non class\u00e9&quot;","block_context":{"text":"Non class\u00e9","link":"https:\/\/no-made.net\/index.php\/category\/non-classe\/"},"img":{"alt_text":"affiche1","src":"https:\/\/i0.wp.com\/no-made.net\/wp-content\/uploads\/2016\/10\/affiche1-211x300.jpg?resize=350%2C200","width":350,"height":200},"classes":[]},{"id":2437,"url":"https:\/\/no-made.net\/index.php\/nouvel-article-monaco-info-larboretum-inaugure-son-exposition-permanente\/","url_meta":{"origin":456,"position":5},"title":"Article Monaco info &#8211; l&rsquo;Arboretum inaugure son exposition permanente &#8211; octobre 2022","author":"no-made","date":"7 octobre 2022","format":false,"excerpt":"Environnement : L'Arboretum Marcel Kroenlein inaugure son exposition permanente; Monaco Info L\u2019arboretum de Roure, un mus\u00e9e v\u00e9g\u00e9tal \u00e0 ciel ouvert - D\u00e9partement des Alpes-Maritimes (departement06.fr)","rel":"","context":"Dans &quot;Non class\u00e9&quot;","block_context":{"text":"Non class\u00e9","link":"https:\/\/no-made.net\/index.php\/category\/non-classe\/"},"img":{"alt_text":"","src":"https:\/\/i0.wp.com\/no-made.net\/wp-content\/uploads\/2022\/10\/Monaco-Info.jpg?resize=350%2C200&ssl=1","width":350,"height":200,"srcset":"https:\/\/i0.wp.com\/no-made.net\/wp-content\/uploads\/2022\/10\/Monaco-Info.jpg?resize=350%2C200&ssl=1 1x, https:\/\/i0.wp.com\/no-made.net\/wp-content\/uploads\/2022\/10\/Monaco-Info.jpg?resize=525%2C300&ssl=1 1.5x, https:\/\/i0.wp.com\/no-made.net\/wp-content\/uploads\/2022\/10\/Monaco-Info.jpg?resize=700%2C400&ssl=1 2x"},"classes":[]}],"_links":{"self":[{"href":"https:\/\/no-made.net\/index.php\/wp-json\/wp\/v2\/posts\/456","targetHints":{"allow":["GET"]}}],"collection":[{"href":"https:\/\/no-made.net\/index.php\/wp-json\/wp\/v2\/posts"}],"about":[{"href":"https:\/\/no-made.net\/index.php\/wp-json\/wp\/v2\/types\/post"}],"author":[{"embeddable":true,"href":"https:\/\/no-made.net\/index.php\/wp-json\/wp\/v2\/users\/1"}],"replies":[{"embeddable":true,"href":"https:\/\/no-made.net\/index.php\/wp-json\/wp\/v2\/comments?post=456"}],"version-history":[{"count":29,"href":"https:\/\/no-made.net\/index.php\/wp-json\/wp\/v2\/posts\/456\/revisions"}],"predecessor-version":[{"id":531,"href":"https:\/\/no-made.net\/index.php\/wp-json\/wp\/v2\/posts\/456\/revisions\/531"}],"wp:attachment":[{"href":"https:\/\/no-made.net\/index.php\/wp-json\/wp\/v2\/media?parent=456"}],"wp:term":[{"taxonomy":"category","embeddable":true,"href":"https:\/\/no-made.net\/index.php\/wp-json\/wp\/v2\/categories?post=456"},{"taxonomy":"post_tag","embeddable":true,"href":"https:\/\/no-made.net\/index.php\/wp-json\/wp\/v2\/tags?post=456"}],"curies":[{"name":"wp","href":"https:\/\/api.w.org\/{rel}","templated":true}]}}