{"id":551,"date":"2018-04-17T18:49:19","date_gmt":"2018-04-17T17:49:19","guid":{"rendered":"http:\/\/no-made.net\/?p=551"},"modified":"2018-04-17T19:49:38","modified_gmt":"2018-04-17T18:49:38","slug":"tribute-to","status":"publish","type":"post","link":"https:\/\/no-made.net\/index.php\/tribute-to\/","title":{"rendered":"Tribute to"},"content":{"rendered":"<p>Le <strong>GRAND LIVRE<\/strong> : suite \u00e0 Aix-en-Provence<\/p>\n<p><a href=\"https:\/\/i0.wp.com\/no-made.net\/wp-content\/uploads\/2018\/04\/webflyer-1.jpg?ssl=1\"><img data-recalc-dims=\"1\" loading=\"lazy\" decoding=\"async\" data-attachment-id=\"550\" data-permalink=\"https:\/\/no-made.net\/?attachment_id=550\" data-orig-file=\"https:\/\/i0.wp.com\/no-made.net\/wp-content\/uploads\/2018\/04\/webflyer-1.jpg?fit=995%2C704&amp;ssl=1\" data-orig-size=\"995,704\" data-comments-opened=\"0\" data-image-meta=\"{&quot;aperture&quot;:&quot;0&quot;,&quot;credit&quot;:&quot;&quot;,&quot;camera&quot;:&quot;&quot;,&quot;caption&quot;:&quot;&quot;,&quot;created_timestamp&quot;:&quot;0&quot;,&quot;copyright&quot;:&quot;&quot;,&quot;focal_length&quot;:&quot;0&quot;,&quot;iso&quot;:&quot;0&quot;,&quot;shutter_speed&quot;:&quot;0&quot;,&quot;title&quot;:&quot;&quot;,&quot;orientation&quot;:&quot;1&quot;}\" data-image-title=\"webflyer-1\" data-image-description=\"\" data-image-caption=\"\" data-large-file=\"https:\/\/i0.wp.com\/no-made.net\/wp-content\/uploads\/2018\/04\/webflyer-1.jpg?fit=660%2C467&amp;ssl=1\" src=\"https:\/\/i0.wp.com\/no-made.net\/wp-content\/uploads\/2018\/04\/webflyer-1.jpg?resize=300%2C212&#038;ssl=1\" class=\"size-medium alignleft wp-image-550\" width=\"300\" height=\"212\" alt=\"\" srcset=\"https:\/\/i0.wp.com\/no-made.net\/wp-content\/uploads\/2018\/04\/webflyer-1.jpg?resize=300%2C212&amp;ssl=1 300w, https:\/\/i0.wp.com\/no-made.net\/wp-content\/uploads\/2018\/04\/webflyer-1.jpg?resize=150%2C106&amp;ssl=1 150w, https:\/\/i0.wp.com\/no-made.net\/wp-content\/uploads\/2018\/04\/webflyer-1.jpg?w=995&amp;ssl=1 995w\" sizes=\"auto, (max-width: 300px) 100vw, 300px\" \/><\/a>et \u00e0 la t\u00e9l\u00e9vision fran\u00e7aise :<\/p>\n<p><a style=\"color: #0000ff\" href=\"https:\/\/www.france.tv\/france-5\/silence-ca-pousse\/464411-emission-du-vendredi-13-avril-2018.html\"><span style=\"color: #0000ff\">ICI<\/span><\/a><\/p>\n<p>et bient\u00f4t, Paris, New-York, Shanghai.<\/p>\n","protected":false},"excerpt":{"rendered":"<p>Le GRAND LIVRE : suite \u00e0 Aix-en-Provence et \u00e0 la t\u00e9l\u00e9vision fran\u00e7aise : ICI et bient\u00f4t, Paris, New-York, Shanghai.<\/p>\n","protected":false},"author":1,"featured_media":0,"comment_status":"closed","ping_status":"closed","sticky":false,"template":"","format":"standard","meta":{"jetpack_post_was_ever_published":false,"_jetpack_newsletter_access":"","_jetpack_dont_email_post_to_subs":false,"_jetpack_newsletter_tier_id":0,"_jetpack_memberships_contains_paywalled_content":false,"_jetpack_memberships_contains_paid_content":false,"footnotes":"","jetpack_publicize_message":"","jetpack_publicize_feature_enabled":true,"jetpack_social_post_already_shared":true,"jetpack_social_options":{"image_generator_settings":{"template":"highway","default_image_id":0,"font":"","enabled":false},"version":2}},"categories":[1],"tags":[],"class_list":["post-551","post","type-post","status-publish","format-standard","hentry","category-non-classe"],"jetpack_publicize_connections":[],"jetpack_featured_media_url":"","jetpack_sharing_enabled":true,"jetpack_shortlink":"https:\/\/wp.me\/p7iEVt-8T","jetpack-related-posts":[{"id":750,"url":"https:\/\/no-made.net\/index.php\/le-grand-livre-7\/","url_meta":{"origin":551,"position":0},"title":"Le grand livre-7\u00e8me \u00e9tape","author":"no-made","date":"20 septembre 2018","format":false,"excerpt":"Mercredi 26 septembre \u00e0 18h, rencontre \u00e0 Saint-Jean-Cap-Ferrat.","rel":"","context":"Dans &quot;Non class\u00e9&quot;","block_context":{"text":"Non class\u00e9","link":"https:\/\/no-made.net\/index.php\/category\/non-classe\/"},"img":{"alt_text":"","src":"https:\/\/i0.wp.com\/no-made.net\/wp-content\/uploads\/2018\/09\/SJ_affiche_No-Made-1-web-213x300.jpg?resize=350%2C200","width":350,"height":200},"classes":[]},{"id":456,"url":"https:\/\/no-made.net\/index.php\/le-grand-livre\/","url_meta":{"origin":551,"position":1},"title":"Le grand livre-update-6","author":"no-made","date":"8 octobre 2017","format":false,"excerpt":"Le samedi 17 f\u00e9vrier \u00e0 15 heures, c'est au tour de la Fnac de Monaco. Le samedi 10 f\u00e9vrier \u00e0 10 heures 30, \u00e0 la biblioth\u00e8que Louis Nuc\u00e9ra pr\u00e9sentation du livre et d'un film de Jean Claude Fraicher. Le mercredi 10 janvier \u00e0 la Librairie Mass\u00e9na \u00e0 19 heures, pr\u00e9sentation\u2026","rel":"","context":"Dans &quot;Non class\u00e9&quot;","block_context":{"text":"Non class\u00e9","link":"https:\/\/no-made.net\/index.php\/category\/non-classe\/"},"img":{"alt_text":"","src":"https:\/\/i0.wp.com\/no-made.net\/wp-content\/uploads\/2018\/02\/livre-bmn-web.jpg?resize=350%2C200","width":350,"height":200,"srcset":"https:\/\/i0.wp.com\/no-made.net\/wp-content\/uploads\/2018\/02\/livre-bmn-web.jpg?resize=350%2C200 1x, https:\/\/i0.wp.com\/no-made.net\/wp-content\/uploads\/2018\/02\/livre-bmn-web.jpg?resize=525%2C300 1.5x, https:\/\/i0.wp.com\/no-made.net\/wp-content\/uploads\/2018\/02\/livre-bmn-web.jpg?resize=700%2C400 2x"},"classes":[]},{"id":309,"url":"https:\/\/no-made.net\/index.php\/arboretum-la-suite\/","url_meta":{"origin":551,"position":2},"title":"Rencontres, suite \u00e0 l&rsquo;arbor\u00e9tum","author":"no-made","date":"6 octobre 2016","format":false,"excerpt":"\u00a0 \u00a0","rel":"","context":"Dans &quot;Non class\u00e9&quot;","block_context":{"text":"Non class\u00e9","link":"https:\/\/no-made.net\/index.php\/category\/non-classe\/"},"img":{"alt_text":"affiche1","src":"https:\/\/i0.wp.com\/no-made.net\/wp-content\/uploads\/2016\/10\/affiche1-211x300.jpg?resize=350%2C200","width":350,"height":200},"classes":[]},{"id":441,"url":"https:\/\/no-made.net\/index.php\/un-dimanche-a-larboretum\/","url_meta":{"origin":551,"position":3},"title":"Un dimanche \u00e0 l&rsquo;arbor\u00e9tum","author":"no-made","date":"25 septembre 2017","format":false,"excerpt":"Le dimanche 8 octobre \u00e0 partir de 10H, pour les 30 ans de l'arbor\u00e9tum, petit d\u00e9jeuner bucolique et pr\u00e9sentation du livre r\u00e9trospective des expositions de no-made \u00e0 Roure.","rel":"","context":"Dans &quot;Non class\u00e9&quot;","block_context":{"text":"Non class\u00e9","link":"https:\/\/no-made.net\/index.php\/category\/non-classe\/"},"img":{"alt_text":"","src":"https:\/\/i0.wp.com\/no-made.net\/wp-content\/uploads\/2017\/09\/invitationarbo2017-web.jpg?resize=350%2C200","width":350,"height":200,"srcset":"https:\/\/i0.wp.com\/no-made.net\/wp-content\/uploads\/2017\/09\/invitationarbo2017-web.jpg?resize=350%2C200 1x, https:\/\/i0.wp.com\/no-made.net\/wp-content\/uploads\/2017\/09\/invitationarbo2017-web.jpg?resize=525%2C300 1.5x, https:\/\/i0.wp.com\/no-made.net\/wp-content\/uploads\/2017\/09\/invitationarbo2017-web.jpg?resize=700%2C400 2x"},"classes":[]},{"id":635,"url":"https:\/\/no-made.net\/index.php\/vernissage-2\/","url_meta":{"origin":551,"position":4},"title":"Vernissage","author":"no-made","date":"11 juin 2018","format":false,"excerpt":"Le vernissage de l'exposition \"acclimatation\" a eu lieu dans une ambiance champ\u00eatre. \u00a0 \u00a0 \u00a0 \u00a0 \u00a0 Pour la suite, le site de l'exposition est : ICI","rel":"","context":"Dans &quot;Non class\u00e9&quot;","block_context":{"text":"Non class\u00e9","link":"https:\/\/no-made.net\/index.php\/category\/non-classe\/"},"img":{"alt_text":"","src":"https:\/\/i0.wp.com\/no-made.net\/wp-content\/uploads\/2018\/06\/vernissage-thuret-300x200.jpg?resize=350%2C200","width":350,"height":200},"classes":[]},{"id":1046,"url":"https:\/\/no-made.net\/index.php\/en-approche\/","url_meta":{"origin":551,"position":5},"title":"En approche","author":"no-made","date":"13 mars 2022","format":false,"excerpt":"Arboretum de Roure 2026 <-> le projet \"du\u00a0territoire partag\u00e9\"\u00a0lanc\u00e9 en 2023, continue en 2026 sur le th\u00e8me \u00ab\u00a0on peut r\u00e9fl\u00e9chir encore un peu\u2026\u00a0\u00bb.. Pour en savoir plus ..... cliquez ici ! AUTRES PROJETS : Un prolongement pour exposer \u00ab\u00a0hors les murs\u00a0\u00bb de l\u2019Arboretum au Trans\u2019Art caf\u00e9 \u00e0 Antibes au mois\u2026","rel":"","context":"Dans &quot;Non class\u00e9&quot;","block_context":{"text":"Non class\u00e9","link":"https:\/\/no-made.net\/index.php\/category\/non-classe\/"},"img":{"alt_text":"","src":"https:\/\/i0.wp.com\/no-made.net\/wp-content\/uploads\/2020\/10\/flyer-Arboretum-Roure.jpg?resize=350%2C200&ssl=1","width":350,"height":200,"srcset":"https:\/\/i0.wp.com\/no-made.net\/wp-content\/uploads\/2020\/10\/flyer-Arboretum-Roure.jpg?resize=350%2C200&ssl=1 1x, https:\/\/i0.wp.com\/no-made.net\/wp-content\/uploads\/2020\/10\/flyer-Arboretum-Roure.jpg?resize=525%2C300&ssl=1 1.5x, https:\/\/i0.wp.com\/no-made.net\/wp-content\/uploads\/2020\/10\/flyer-Arboretum-Roure.jpg?resize=700%2C400&ssl=1 2x, https:\/\/i0.wp.com\/no-made.net\/wp-content\/uploads\/2020\/10\/flyer-Arboretum-Roure.jpg?resize=1050%2C600&ssl=1 3x, https:\/\/i0.wp.com\/no-made.net\/wp-content\/uploads\/2020\/10\/flyer-Arboretum-Roure.jpg?resize=1400%2C800&ssl=1 4x"},"classes":[]}],"_links":{"self":[{"href":"https:\/\/no-made.net\/index.php\/wp-json\/wp\/v2\/posts\/551","targetHints":{"allow":["GET"]}}],"collection":[{"href":"https:\/\/no-made.net\/index.php\/wp-json\/wp\/v2\/posts"}],"about":[{"href":"https:\/\/no-made.net\/index.php\/wp-json\/wp\/v2\/types\/post"}],"author":[{"embeddable":true,"href":"https:\/\/no-made.net\/index.php\/wp-json\/wp\/v2\/users\/1"}],"replies":[{"embeddable":true,"href":"https:\/\/no-made.net\/index.php\/wp-json\/wp\/v2\/comments?post=551"}],"version-history":[{"count":3,"href":"https:\/\/no-made.net\/index.php\/wp-json\/wp\/v2\/posts\/551\/revisions"}],"predecessor-version":[{"id":554,"href":"https:\/\/no-made.net\/index.php\/wp-json\/wp\/v2\/posts\/551\/revisions\/554"}],"wp:attachment":[{"href":"https:\/\/no-made.net\/index.php\/wp-json\/wp\/v2\/media?parent=551"}],"wp:term":[{"taxonomy":"category","embeddable":true,"href":"https:\/\/no-made.net\/index.php\/wp-json\/wp\/v2\/categories?post=551"},{"taxonomy":"post_tag","embeddable":true,"href":"https:\/\/no-made.net\/index.php\/wp-json\/wp\/v2\/tags?post=551"}],"curies":[{"name":"wp","href":"https:\/\/api.w.org\/{rel}","templated":true}]}}