{"id":576,"date":"2018-05-22T18:21:44","date_gmt":"2018-05-22T17:21:44","guid":{"rendered":"http:\/\/no-made.net\/?p=576"},"modified":"2018-05-22T18:35:08","modified_gmt":"2018-05-22T17:35:08","slug":"le-printemps-revient","status":"publish","type":"post","link":"https:\/\/no-made.net\/index.php\/le-printemps-revient\/","title":{"rendered":"Le printemps revient"},"content":{"rendered":"<p>no-made a des acquaintances particuli\u00e8res avec les jardins et le printemps. La chose se confirme avec une exposition au Jardin Thuret \u00e0 Antibes pendant l&rsquo;\u00e9t\u00e9 :<\/p>\n<p><a href=\"https:\/\/i0.wp.com\/no-made.net\/wp-content\/uploads\/2018\/05\/affiche-acclimatation-feuille-bleu.jpg?ssl=1\"><img data-recalc-dims=\"1\" loading=\"lazy\" decoding=\"async\" data-attachment-id=\"571\" data-permalink=\"https:\/\/no-made.net\/index.php\/le-printemps-revient\/affiche-acclimatation-feuille-bleu\/\" data-orig-file=\"https:\/\/i0.wp.com\/no-made.net\/wp-content\/uploads\/2018\/05\/affiche-acclimatation-feuille-bleu.jpg?fit=611%2C848&amp;ssl=1\" data-orig-size=\"611,848\" data-comments-opened=\"0\" data-image-meta=\"{&quot;aperture&quot;:&quot;0&quot;,&quot;credit&quot;:&quot;&quot;,&quot;camera&quot;:&quot;&quot;,&quot;caption&quot;:&quot;&quot;,&quot;created_timestamp&quot;:&quot;0&quot;,&quot;copyright&quot;:&quot;&quot;,&quot;focal_length&quot;:&quot;0&quot;,&quot;iso&quot;:&quot;0&quot;,&quot;shutter_speed&quot;:&quot;0&quot;,&quot;title&quot;:&quot;&quot;,&quot;orientation&quot;:&quot;0&quot;}\" data-image-title=\"affiche-acclimatation-feuille-bleu\" data-image-description=\"\" data-image-caption=\"\" data-large-file=\"https:\/\/i0.wp.com\/no-made.net\/wp-content\/uploads\/2018\/05\/affiche-acclimatation-feuille-bleu.jpg?fit=611%2C848&amp;ssl=1\" class=\"alignleft wp-image-571 size-medium\" src=\"https:\/\/i0.wp.com\/no-made.net\/wp-content\/uploads\/2018\/05\/affiche-acclimatation-feuille-bleu.jpg?resize=216%2C300&#038;ssl=1\" alt=\"\" width=\"216\" height=\"300\" srcset=\"https:\/\/i0.wp.com\/no-made.net\/wp-content\/uploads\/2018\/05\/affiche-acclimatation-feuille-bleu.jpg?resize=216%2C300&amp;ssl=1 216w, https:\/\/i0.wp.com\/no-made.net\/wp-content\/uploads\/2018\/05\/affiche-acclimatation-feuille-bleu.jpg?resize=108%2C150&amp;ssl=1 108w, https:\/\/i0.wp.com\/no-made.net\/wp-content\/uploads\/2018\/05\/affiche-acclimatation-feuille-bleu.jpg?w=611&amp;ssl=1 611w\" sizes=\"auto, (max-width: 216px) 100vw, 216px\" \/><\/a><\/p>\n<p><a href=\"https:\/\/i0.wp.com\/no-made.net\/wp-content\/uploads\/2018\/05\/invitationThuret.jpg?ssl=1\"><img data-recalc-dims=\"1\" loading=\"lazy\" decoding=\"async\" data-attachment-id=\"575\" data-permalink=\"https:\/\/no-made.net\/index.php\/le-printemps-revient\/invitationthuret\/\" data-orig-file=\"https:\/\/i0.wp.com\/no-made.net\/wp-content\/uploads\/2018\/05\/invitationThuret.jpg?fit=2482%2C1208&amp;ssl=1\" data-orig-size=\"2482,1208\" data-comments-opened=\"0\" data-image-meta=\"{&quot;aperture&quot;:&quot;0&quot;,&quot;credit&quot;:&quot;&quot;,&quot;camera&quot;:&quot;&quot;,&quot;caption&quot;:&quot;&quot;,&quot;created_timestamp&quot;:&quot;0&quot;,&quot;copyright&quot;:&quot;&quot;,&quot;focal_length&quot;:&quot;0&quot;,&quot;iso&quot;:&quot;0&quot;,&quot;shutter_speed&quot;:&quot;0&quot;,&quot;title&quot;:&quot;&quot;,&quot;orientation&quot;:&quot;0&quot;}\" data-image-title=\"invitationThuret\" data-image-description=\"\" data-image-caption=\"\" data-large-file=\"https:\/\/i0.wp.com\/no-made.net\/wp-content\/uploads\/2018\/05\/invitationThuret.jpg?fit=660%2C321&amp;ssl=1\" class=\"alignleft size-medium wp-image-575\" src=\"https:\/\/i0.wp.com\/no-made.net\/wp-content\/uploads\/2018\/05\/invitationThuret.jpg?resize=300%2C146&#038;ssl=1\" alt=\"\" width=\"300\" height=\"146\" srcset=\"https:\/\/i0.wp.com\/no-made.net\/wp-content\/uploads\/2018\/05\/invitationThuret.jpg?resize=300%2C146&amp;ssl=1 300w, https:\/\/i0.wp.com\/no-made.net\/wp-content\/uploads\/2018\/05\/invitationThuret.jpg?resize=150%2C73&amp;ssl=1 150w, https:\/\/i0.wp.com\/no-made.net\/wp-content\/uploads\/2018\/05\/invitationThuret.jpg?resize=1024%2C498&amp;ssl=1 1024w, https:\/\/i0.wp.com\/no-made.net\/wp-content\/uploads\/2018\/05\/invitationThuret.jpg?w=1320&amp;ssl=1 1320w, https:\/\/i0.wp.com\/no-made.net\/wp-content\/uploads\/2018\/05\/invitationThuret.jpg?w=1980&amp;ssl=1 1980w\" sizes=\"auto, (max-width: 300px) 100vw, 300px\" \/><\/a><\/p>\n<p>&nbsp;<\/p>\n<p>&nbsp;<\/p>\n<p>&nbsp;<\/p>\n<p>&nbsp;<\/p>\n<p>&nbsp;<\/p>\n<p>&nbsp;<\/p>\n<p>Mais aussi la pr\u00e9paration de l&rsquo;exposition f\u00e9tiche \u00e0 la Villa Roc Fleuri \u00e0 Cap d&rsquo; Ail :<\/p>\n<p><a href=\"https:\/\/no-made.net\/wp-content\/uploads\/2018\/05\/appel_a_projet_no_made_2018_Florent_Testa_St\u00e9phanie_Lobry.pdf\"><span style=\"color: #0000ff;\">appel \u00e0 projets Cap d&rsquo;Ail 2018<\/span><\/a><\/p>\n<p>Les pages sp\u00e9ciales aux deux \u00e9v\u00e8nements sont en pr\u00e9paration.<\/p>\n","protected":false},"excerpt":{"rendered":"<p>no-made a des acquaintances particuli\u00e8res avec les jardins et le printemps. La chose se confirme avec une exposition au Jardin Thuret \u00e0 Antibes pendant l&rsquo;\u00e9t\u00e9 : &nbsp; &nbsp; &nbsp; &nbsp; &nbsp; &nbsp; Mais aussi la pr\u00e9paration de l&rsquo;exposition f\u00e9tiche \u00e0 la Villa Roc Fleuri \u00e0 Cap d&rsquo; Ail : appel \u00e0 projets Cap d&rsquo;Ail 2018 &hellip; <a href=\"https:\/\/no-made.net\/index.php\/le-printemps-revient\/\" class=\"more-link\">Continuer la lecture de <span class=\"screen-reader-text\">Le printemps revient<\/span><\/a><\/p>\n","protected":false},"author":1,"featured_media":0,"comment_status":"closed","ping_status":"closed","sticky":false,"template":"","format":"standard","meta":{"jetpack_post_was_ever_published":false,"_jetpack_newsletter_access":"","_jetpack_dont_email_post_to_subs":false,"_jetpack_newsletter_tier_id":0,"_jetpack_memberships_contains_paywalled_content":false,"_jetpack_memberships_contains_paid_content":false,"footnotes":"","jetpack_publicize_message":"","jetpack_publicize_feature_enabled":true,"jetpack_social_post_already_shared":true,"jetpack_social_options":{"image_generator_settings":{"template":"highway","default_image_id":0,"font":"","enabled":false},"version":2}},"categories":[1],"tags":[],"class_list":["post-576","post","type-post","status-publish","format-standard","hentry","category-non-classe"],"jetpack_publicize_connections":[],"jetpack_featured_media_url":"","jetpack_sharing_enabled":true,"jetpack_shortlink":"https:\/\/wp.me\/p7iEVt-9i","jetpack-related-posts":[{"id":853,"url":"https:\/\/no-made.net\/index.php\/vernissage-au-jardin\/","url_meta":{"origin":576,"position":0},"title":"Vernissage au jardin","author":"no-made","date":"11 avril 2019","format":false,"excerpt":"L'exposition du jardin Thuret \u00e0 Antibes est ouverte. Festival du printemps Visite virtuelle","rel":"","context":"Dans &quot;Non class\u00e9&quot;","block_context":{"text":"Non class\u00e9","link":"https:\/\/no-made.net\/index.php\/category\/non-classe\/"},"img":{"alt_text":"","src":"https:\/\/i0.wp.com\/no-made.net\/wp-content\/uploads\/2019\/04\/IMG_8450-web.jpg?resize=350%2C200&ssl=1","width":350,"height":200,"srcset":"https:\/\/i0.wp.com\/no-made.net\/wp-content\/uploads\/2019\/04\/IMG_8450-web.jpg?resize=350%2C200&ssl=1 1x, https:\/\/i0.wp.com\/no-made.net\/wp-content\/uploads\/2019\/04\/IMG_8450-web.jpg?resize=525%2C300&ssl=1 1.5x"},"classes":[]},{"id":878,"url":"https:\/\/no-made.net\/index.php\/appel-a-projet-2\/","url_meta":{"origin":576,"position":1},"title":"Appel \u00e0 projet","author":"no-made","date":"13 mai 2019","format":false,"excerpt":"Cap d'Ail Septembre 2019 Une exposition \u00e0 B\u00e2tir","rel":"","context":"Dans &quot;Non class\u00e9&quot;","block_context":{"text":"Non class\u00e9","link":"https:\/\/no-made.net\/index.php\/category\/non-classe\/"},"img":{"alt_text":"","src":"","width":0,"height":0},"classes":[]},{"id":706,"url":"https:\/\/no-made.net\/index.php\/rentree-sauvage\/","url_meta":{"origin":576,"position":2},"title":"Rentr\u00e9e sauvage","author":"no-made","date":"3 septembre 2018","format":false,"excerpt":"Cap d'Ail 2018, invitation au jardin du Roc Fleuri, vendredi 7 septembre \u00e0 17h, 10 artistes, une compagnie, un hommage. \u00a0","rel":"","context":"Dans &quot;Non class\u00e9&quot;","block_context":{"text":"Non class\u00e9","link":"https:\/\/no-made.net\/index.php\/category\/non-classe\/"},"img":{"alt_text":"","src":"https:\/\/i0.wp.com\/no-made.net\/wp-content\/uploads\/2018\/09\/capdail-Invitation-2018.jpg?resize=350%2C200","width":350,"height":200,"srcset":"https:\/\/i0.wp.com\/no-made.net\/wp-content\/uploads\/2018\/09\/capdail-Invitation-2018.jpg?resize=350%2C200 1x, https:\/\/i0.wp.com\/no-made.net\/wp-content\/uploads\/2018\/09\/capdail-Invitation-2018.jpg?resize=525%2C300 1.5x, https:\/\/i0.wp.com\/no-made.net\/wp-content\/uploads\/2018\/09\/capdail-Invitation-2018.jpg?resize=700%2C400 2x"},"classes":[]},{"id":292,"url":"https:\/\/no-made.net\/index.php\/cap-dail-2016\/","url_meta":{"origin":576,"position":3},"title":"Cap d&rsquo;Ail 2016","author":"no-made","date":"18 ao\u00fbt 2016","format":false,"excerpt":"Nouvelle \u00e9dition : PourSuitE","rel":"","context":"Dans &quot;Non class\u00e9&quot;","block_context":{"text":"Non class\u00e9","link":"https:\/\/no-made.net\/index.php\/category\/non-classe\/"},"img":{"alt_text":"invitCap d'Ail 2016","src":"https:\/\/i0.wp.com\/no-made.net\/wp-content\/uploads\/2016\/08\/invitCap-dAil-2016--300x216.jpg?resize=350%2C200","width":350,"height":200},"classes":[]},{"id":2283,"url":"https:\/\/no-made.net\/index.php\/un-article-sur-cap-dail-substrat-dans-la-stada-n-347-de-sept-2022\/","url_meta":{"origin":576,"position":4},"title":"Un article en page.16 dans La STRADA N\u00b0 347 de sept. 2022 pour SUBSTRAT &#8211; Le Roc Fleuri &#8211; Cap d&rsquo;Ail","author":"no-made","date":"7 septembre 2022","format":false,"excerpt":"L'ESSENCE DE L'ARTPour la 22e fois, le collectif no-made investit la Villa Le Roc Fleuri \u00e0 Cap d'Ail, du 4 au 27 septembre. Le th\u00e8me retenu cette ann\u00e9e : Substrat. no-made est un collectif d\u2019artistes tout \u00e0 fait atypique, de par sa p\u00e9rennit\u00e9, son ouverture et ses interventions en \"territoires\u2026","rel":"","context":"Dans &quot;Non class\u00e9&quot;","block_context":{"text":"Non class\u00e9","link":"https:\/\/no-made.net\/index.php\/category\/non-classe\/"},"img":{"alt_text":"","src":"https:\/\/i0.wp.com\/no-made.net\/wp-content\/uploads\/2022\/09\/Carton-SUBSTRAT11-scaled.jpg?resize=350%2C200&ssl=1","width":350,"height":200,"srcset":"https:\/\/i0.wp.com\/no-made.net\/wp-content\/uploads\/2022\/09\/Carton-SUBSTRAT11-scaled.jpg?resize=350%2C200&ssl=1 1x, https:\/\/i0.wp.com\/no-made.net\/wp-content\/uploads\/2022\/09\/Carton-SUBSTRAT11-scaled.jpg?resize=525%2C300&ssl=1 1.5x, https:\/\/i0.wp.com\/no-made.net\/wp-content\/uploads\/2022\/09\/Carton-SUBSTRAT11-scaled.jpg?resize=700%2C400&ssl=1 2x, https:\/\/i0.wp.com\/no-made.net\/wp-content\/uploads\/2022\/09\/Carton-SUBSTRAT11-scaled.jpg?resize=1050%2C600&ssl=1 3x, https:\/\/i0.wp.com\/no-made.net\/wp-content\/uploads\/2022\/09\/Carton-SUBSTRAT11-scaled.jpg?resize=1400%2C800&ssl=1 4x"},"classes":[]},{"id":2807,"url":"https:\/\/no-made.net\/index.php\/communique-de-presse-fatras-cap-dail-2023\/","url_meta":{"origin":576,"position":5},"title":"Communiqu\u00e9 de presse &#8211; Fatras &#8211; Cap d&rsquo;Ail 2023","author":"no-made","date":"30 ao\u00fbt 2023","format":false,"excerpt":"communique-de-presse-Fatras-Cap-dAilT\u00e9l\u00e9charger","rel":"","context":"Dans &quot;Non class\u00e9&quot;","block_context":{"text":"Non class\u00e9","link":"https:\/\/no-made.net\/index.php\/category\/non-classe\/"},"img":{"alt_text":"","src":"","width":0,"height":0},"classes":[]}],"_links":{"self":[{"href":"https:\/\/no-made.net\/index.php\/wp-json\/wp\/v2\/posts\/576","targetHints":{"allow":["GET"]}}],"collection":[{"href":"https:\/\/no-made.net\/index.php\/wp-json\/wp\/v2\/posts"}],"about":[{"href":"https:\/\/no-made.net\/index.php\/wp-json\/wp\/v2\/types\/post"}],"author":[{"embeddable":true,"href":"https:\/\/no-made.net\/index.php\/wp-json\/wp\/v2\/users\/1"}],"replies":[{"embeddable":true,"href":"https:\/\/no-made.net\/index.php\/wp-json\/wp\/v2\/comments?post=576"}],"version-history":[{"count":6,"href":"https:\/\/no-made.net\/index.php\/wp-json\/wp\/v2\/posts\/576\/revisions"}],"predecessor-version":[{"id":583,"href":"https:\/\/no-made.net\/index.php\/wp-json\/wp\/v2\/posts\/576\/revisions\/583"}],"wp:attachment":[{"href":"https:\/\/no-made.net\/index.php\/wp-json\/wp\/v2\/media?parent=576"}],"wp:term":[{"taxonomy":"category","embeddable":true,"href":"https:\/\/no-made.net\/index.php\/wp-json\/wp\/v2\/categories?post=576"},{"taxonomy":"post_tag","embeddable":true,"href":"https:\/\/no-made.net\/index.php\/wp-json\/wp\/v2\/tags?post=576"}],"curies":[{"name":"wp","href":"https:\/\/api.w.org\/{rel}","templated":true}]}}