{"id":595,"date":"2018-06-04T20:13:44","date_gmt":"2018-06-04T19:13:44","guid":{"rendered":"http:\/\/no-made.net\/?p=595"},"modified":"2018-06-06T20:20:37","modified_gmt":"2018-06-06T19:20:37","slug":"squat","status":"publish","type":"post","link":"https:\/\/no-made.net\/index.php\/squat\/","title":{"rendered":"Squat"},"content":{"rendered":"<p>In \u00ab\u00a0le Mas du Pincounillier\u00a0\u00bb, not the Jardin Thuret,<\/p>\n<p>but who knows ?<\/p>\n<p class=\"jetpack-slideshow-noscript robots-nocontent\">Ce diaporama n\u00e9cessite JavaScript.<\/p><div id=\"gallery-595-1-slideshow\" class=\"jetpack-slideshow-window jetpack-slideshow jetpack-slideshow-black\" data-trans=\"fade\" data-autostart=\"1\" data-gallery=\"[{&quot;src&quot;:&quot;https:\\\/\\\/i0.wp.com\\\/no-made.net\\\/wp-content\\\/uploads\\\/2018\\\/06\\\/T-1.jpg?fit=660%2C440\\u0026ssl=1&quot;,&quot;id&quot;:&quot;589&quot;,&quot;title&quot;:&quot;T-1&quot;,&quot;alt&quot;:&quot;&quot;,&quot;caption&quot;:&quot;&quot;,&quot;itemprop&quot;:&quot;image&quot;},{&quot;src&quot;:&quot;https:\\\/\\\/i0.wp.com\\\/no-made.net\\\/wp-content\\\/uploads\\\/2018\\\/06\\\/T-2.jpg?fit=660%2C440\\u0026ssl=1&quot;,&quot;id&quot;:&quot;590&quot;,&quot;title&quot;:&quot;T-2&quot;,&quot;alt&quot;:&quot;&quot;,&quot;caption&quot;:&quot;&quot;,&quot;itemprop&quot;:&quot;image&quot;},{&quot;src&quot;:&quot;https:\\\/\\\/i0.wp.com\\\/no-made.net\\\/wp-content\\\/uploads\\\/2018\\\/06\\\/T-3.jpg?fit=660%2C440\\u0026ssl=1&quot;,&quot;id&quot;:&quot;591&quot;,&quot;title&quot;:&quot;T-3&quot;,&quot;alt&quot;:&quot;&quot;,&quot;caption&quot;:&quot;&quot;,&quot;itemprop&quot;:&quot;image&quot;},{&quot;src&quot;:&quot;https:\\\/\\\/i0.wp.com\\\/no-made.net\\\/wp-content\\\/uploads\\\/2018\\\/06\\\/T-4.jpg?fit=660%2C440\\u0026ssl=1&quot;,&quot;id&quot;:&quot;592&quot;,&quot;title&quot;:&quot;T-4&quot;,&quot;alt&quot;:&quot;&quot;,&quot;caption&quot;:&quot;&quot;,&quot;itemprop&quot;:&quot;image&quot;},{&quot;src&quot;:&quot;https:\\\/\\\/i0.wp.com\\\/no-made.net\\\/wp-content\\\/uploads\\\/2018\\\/06\\\/T-5.jpg?fit=660%2C990\\u0026ssl=1&quot;,&quot;id&quot;:&quot;593&quot;,&quot;title&quot;:&quot;T-5&quot;,&quot;alt&quot;:&quot;&quot;,&quot;caption&quot;:&quot;&quot;,&quot;itemprop&quot;:&quot;image&quot;},{&quot;src&quot;:&quot;https:\\\/\\\/i0.wp.com\\\/no-made.net\\\/wp-content\\\/uploads\\\/2018\\\/06\\\/T-6.jpg?fit=660%2C660\\u0026ssl=1&quot;,&quot;id&quot;:&quot;594&quot;,&quot;title&quot;:&quot;T-6&quot;,&quot;alt&quot;:&quot;&quot;,&quot;caption&quot;:&quot;&quot;,&quot;itemprop&quot;:&quot;image&quot;}]\" itemscope itemtype=\"https:\/\/schema.org\/ImageGallery\"><\/div>\n<p>In the \u00ab\u00a0Villa Thuret\u00a0\u00bb<\/p>\n<p><a href=\"https:\/\/i0.wp.com\/no-made.net\/wp-content\/uploads\/2018\/06\/thuret-serre-rouge.jpg?ssl=1\"><img data-recalc-dims=\"1\" loading=\"lazy\" decoding=\"async\" data-attachment-id=\"607\" data-permalink=\"https:\/\/no-made.net\/index.php\/squat\/thuret-serre-rouge\/\" data-orig-file=\"https:\/\/i0.wp.com\/no-made.net\/wp-content\/uploads\/2018\/06\/thuret-serre-rouge-e1528312792433.jpg?fit=534%2C800&amp;ssl=1\" data-orig-size=\"534,800\" data-comments-opened=\"0\" data-image-meta=\"{&quot;aperture&quot;:&quot;0&quot;,&quot;credit&quot;:&quot;&quot;,&quot;camera&quot;:&quot;&quot;,&quot;caption&quot;:&quot;&quot;,&quot;created_timestamp&quot;:&quot;0&quot;,&quot;copyright&quot;:&quot;&quot;,&quot;focal_length&quot;:&quot;0&quot;,&quot;iso&quot;:&quot;0&quot;,&quot;shutter_speed&quot;:&quot;0&quot;,&quot;title&quot;:&quot;&quot;,&quot;orientation&quot;:&quot;0&quot;}\" data-image-title=\"thuret-serre-rouge\" data-image-description=\"\" data-image-caption=\"\" data-large-file=\"https:\/\/i0.wp.com\/no-made.net\/wp-content\/uploads\/2018\/06\/thuret-serre-rouge-e1528312792433.jpg?fit=534%2C800&amp;ssl=1\" class=\"wp-image-607 size-full aligncenter\" src=\"https:\/\/i0.wp.com\/no-made.net\/wp-content\/uploads\/2018\/06\/thuret-serre-rouge-e1528312792433.jpg?resize=534%2C800&#038;ssl=1\" alt=\"\" width=\"534\" height=\"800\" \/><\/a><\/p>\n","protected":false},"excerpt":{"rendered":"<p>In \u00ab\u00a0le Mas du Pincounillier\u00a0\u00bb, not the Jardin Thuret, but who knows ? In the \u00ab\u00a0Villa Thuret\u00a0\u00bb<\/p>\n","protected":false},"author":1,"featured_media":0,"comment_status":"closed","ping_status":"closed","sticky":false,"template":"","format":"standard","meta":{"jetpack_post_was_ever_published":false,"_jetpack_newsletter_access":"","_jetpack_dont_email_post_to_subs":false,"_jetpack_newsletter_tier_id":0,"_jetpack_memberships_contains_paywalled_content":false,"_jetpack_memberships_contains_paid_content":false,"footnotes":"","jetpack_publicize_message":"","jetpack_publicize_feature_enabled":true,"jetpack_social_post_already_shared":true,"jetpack_social_options":{"image_generator_settings":{"template":"highway","default_image_id":0,"font":"","enabled":false},"version":2}},"categories":[1],"tags":[],"class_list":["post-595","post","type-post","status-publish","format-standard","hentry","category-non-classe"],"jetpack_publicize_connections":[],"jetpack_featured_media_url":"","jetpack_sharing_enabled":true,"jetpack_shortlink":"https:\/\/wp.me\/s7iEVt-squat","jetpack-related-posts":[{"id":659,"url":"https:\/\/no-made.net\/index.php\/thuret-off\/","url_meta":{"origin":595,"position":0},"title":"Thuret-off","author":"no-made","date":"13 juillet 2018","format":false,"excerpt":"Ambiance recueillie et m\u00e9ditative au cours du vernissage de l'exposition. \u00a0","rel":"","context":"Dans &quot;Non class\u00e9&quot;","block_context":{"text":"Non class\u00e9","link":"https:\/\/no-made.net\/index.php\/category\/non-classe\/"},"img":{"alt_text":"","src":"https:\/\/i0.wp.com\/no-made.net\/wp-content\/uploads\/2018\/07\/MomoP-web.jpg?resize=350%2C200","width":350,"height":200,"srcset":"https:\/\/i0.wp.com\/no-made.net\/wp-content\/uploads\/2018\/07\/MomoP-web.jpg?resize=350%2C200 1x, https:\/\/i0.wp.com\/no-made.net\/wp-content\/uploads\/2018\/07\/MomoP-web.jpg?resize=525%2C300 1.5x"},"classes":[]},{"id":684,"url":"https:\/\/no-made.net\/index.php\/thuret-off-2\/","url_meta":{"origin":595,"position":1},"title":"Thuret-off-2","author":"no-made","date":"30 juillet 2018","format":false,"excerpt":"Nouvelle \u00e9tape dans le parcours des photos. \u00a0","rel":"","context":"Dans &quot;Non class\u00e9&quot;","block_context":{"text":"Non class\u00e9","link":"https:\/\/no-made.net\/index.php\/category\/non-classe\/"},"img":{"alt_text":"","src":"https:\/\/i0.wp.com\/no-made.net\/wp-content\/uploads\/2018\/08\/visuelCapFerrat-web.jpg?resize=350%2C200","width":350,"height":200,"srcset":"https:\/\/i0.wp.com\/no-made.net\/wp-content\/uploads\/2018\/08\/visuelCapFerrat-web.jpg?resize=350%2C200 1x, https:\/\/i0.wp.com\/no-made.net\/wp-content\/uploads\/2018\/08\/visuelCapFerrat-web.jpg?resize=525%2C300 1.5x, https:\/\/i0.wp.com\/no-made.net\/wp-content\/uploads\/2018\/08\/visuelCapFerrat-web.jpg?resize=700%2C400 2x"},"classes":[]},{"id":1046,"url":"https:\/\/no-made.net\/index.php\/en-approche\/","url_meta":{"origin":595,"position":2},"title":"En approche","author":"no-made","date":"13 mars 2022","format":false,"excerpt":"Arboretum de Roure 2026 <-> le projet \"du\u00a0territoire partag\u00e9\"\u00a0lanc\u00e9 en 2023, continue en 2026 sur le th\u00e8me \u00ab\u00a0on peut r\u00e9fl\u00e9chir encore un peu\u2026\u00a0\u00bb.. Pour en savoir plus ..... cliquez ici ! AUTRES PROJETS : Un prolongement pour exposer \u00ab\u00a0hors les murs\u00a0\u00bb de l\u2019Arboretum au Trans\u2019Art caf\u00e9 \u00e0 Antibes au mois\u2026","rel":"","context":"Dans &quot;Non class\u00e9&quot;","block_context":{"text":"Non class\u00e9","link":"https:\/\/no-made.net\/index.php\/category\/non-classe\/"},"img":{"alt_text":"","src":"https:\/\/i0.wp.com\/no-made.net\/wp-content\/uploads\/2020\/10\/flyer-Arboretum-Roure.jpg?resize=350%2C200&ssl=1","width":350,"height":200,"srcset":"https:\/\/i0.wp.com\/no-made.net\/wp-content\/uploads\/2020\/10\/flyer-Arboretum-Roure.jpg?resize=350%2C200&ssl=1 1x, https:\/\/i0.wp.com\/no-made.net\/wp-content\/uploads\/2020\/10\/flyer-Arboretum-Roure.jpg?resize=525%2C300&ssl=1 1.5x, https:\/\/i0.wp.com\/no-made.net\/wp-content\/uploads\/2020\/10\/flyer-Arboretum-Roure.jpg?resize=700%2C400&ssl=1 2x, https:\/\/i0.wp.com\/no-made.net\/wp-content\/uploads\/2020\/10\/flyer-Arboretum-Roure.jpg?resize=1050%2C600&ssl=1 3x, https:\/\/i0.wp.com\/no-made.net\/wp-content\/uploads\/2020\/10\/flyer-Arboretum-Roure.jpg?resize=1400%2C800&ssl=1 4x"},"classes":[]},{"id":822,"url":"https:\/\/no-made.net\/index.php\/invitation-au-jardin\/","url_meta":{"origin":595,"position":3},"title":"Invitation au jardin","author":"no-made","date":"14 mars 2019","format":false,"excerpt":"no-made revient \u00e0 la villa Thuret pour une exposition intimiste.","rel":"","context":"Dans &quot;Non class\u00e9&quot;","block_context":{"text":"Non class\u00e9","link":"https:\/\/no-made.net\/index.php\/category\/non-classe\/"},"img":{"alt_text":"","src":"https:\/\/i0.wp.com\/no-made.net\/wp-content\/uploads\/2019\/03\/invitationThuret-2019-fond-gris.jpg?resize=350%2C200&ssl=1","width":350,"height":200,"srcset":"https:\/\/i0.wp.com\/no-made.net\/wp-content\/uploads\/2019\/03\/invitationThuret-2019-fond-gris.jpg?resize=350%2C200&ssl=1 1x, https:\/\/i0.wp.com\/no-made.net\/wp-content\/uploads\/2019\/03\/invitationThuret-2019-fond-gris.jpg?resize=525%2C300&ssl=1 1.5x, https:\/\/i0.wp.com\/no-made.net\/wp-content\/uploads\/2019\/03\/invitationThuret-2019-fond-gris.jpg?resize=700%2C400&ssl=1 2x"},"classes":[]},{"id":853,"url":"https:\/\/no-made.net\/index.php\/vernissage-au-jardin\/","url_meta":{"origin":595,"position":4},"title":"Vernissage au jardin","author":"no-made","date":"11 avril 2019","format":false,"excerpt":"L'exposition du jardin Thuret \u00e0 Antibes est ouverte. Festival du printemps Visite virtuelle","rel":"","context":"Dans &quot;Non class\u00e9&quot;","block_context":{"text":"Non class\u00e9","link":"https:\/\/no-made.net\/index.php\/category\/non-classe\/"},"img":{"alt_text":"","src":"https:\/\/i0.wp.com\/no-made.net\/wp-content\/uploads\/2019\/04\/IMG_8450-web.jpg?resize=350%2C200&ssl=1","width":350,"height":200,"srcset":"https:\/\/i0.wp.com\/no-made.net\/wp-content\/uploads\/2019\/04\/IMG_8450-web.jpg?resize=350%2C200&ssl=1 1x, https:\/\/i0.wp.com\/no-made.net\/wp-content\/uploads\/2019\/04\/IMG_8450-web.jpg?resize=525%2C300&ssl=1 1.5x"},"classes":[]},{"id":601,"url":"https:\/\/no-made.net\/index.php\/acclimatation\/","url_meta":{"origin":595,"position":5},"title":"Acclimatation","author":"no-made","date":"5 juin 2018","format":false,"excerpt":"Nouveau lieu dans l'escarcelle de no-made depuis le samedi 2 juin : le jardin de la villa Thuret \u00e0 Antibes. plan et emplacement des \u0153uvres livret-catalogue des artistes \u00a0","rel":"","context":"Dans &quot;Non class\u00e9&quot;","block_context":{"text":"Non class\u00e9","link":"https:\/\/no-made.net\/index.php\/category\/non-classe\/"},"img":{"alt_text":"","src":"","width":0,"height":0},"classes":[]}],"_links":{"self":[{"href":"https:\/\/no-made.net\/index.php\/wp-json\/wp\/v2\/posts\/595","targetHints":{"allow":["GET"]}}],"collection":[{"href":"https:\/\/no-made.net\/index.php\/wp-json\/wp\/v2\/posts"}],"about":[{"href":"https:\/\/no-made.net\/index.php\/wp-json\/wp\/v2\/types\/post"}],"author":[{"embeddable":true,"href":"https:\/\/no-made.net\/index.php\/wp-json\/wp\/v2\/users\/1"}],"replies":[{"embeddable":true,"href":"https:\/\/no-made.net\/index.php\/wp-json\/wp\/v2\/comments?post=595"}],"version-history":[{"count":7,"href":"https:\/\/no-made.net\/index.php\/wp-json\/wp\/v2\/posts\/595\/revisions"}],"predecessor-version":[{"id":611,"href":"https:\/\/no-made.net\/index.php\/wp-json\/wp\/v2\/posts\/595\/revisions\/611"}],"wp:attachment":[{"href":"https:\/\/no-made.net\/index.php\/wp-json\/wp\/v2\/media?parent=595"}],"wp:term":[{"taxonomy":"category","embeddable":true,"href":"https:\/\/no-made.net\/index.php\/wp-json\/wp\/v2\/categories?post=595"},{"taxonomy":"post_tag","embeddable":true,"href":"https:\/\/no-made.net\/index.php\/wp-json\/wp\/v2\/tags?post=595"}],"curies":[{"name":"wp","href":"https:\/\/api.w.org\/{rel}","templated":true}]}}